{"id":2335,"date":"2024-03-24T06:40:06","date_gmt":"2024-03-24T06:40:06","guid":{"rendered":"https:\/\/senegalsantemobile.org\/?p=1664"},"modified":"2024-06-08T12:20:57","modified_gmt":"2024-06-08T12:20:57","slug":"invitation-soutien-gala-de-charite-le-6-fevrier-2015-a-dakar","status":"publish","type":"post","link":"https:\/\/senegalsantemobile.org\/fr\/2024\/03\/24\/invitation-soutien-gala-de-charite-le-6-fevrier-2015-a-dakar\/","title":{"rendered":"Invitation Soutien : Gala de charit\u00e9 le 6 f\u00e9vrier 2015 \u00e0 Dakar"},"content":{"rendered":"<p>Un gala de charit\u00e9 aura lieu le vendredi 6 f\u00e9vrier \u00e0 Dakar au profit des programmes de la <b>Fondation S\u00e9n\u00e9gal Sant\u00e9 Mobile<\/b> en sant\u00e9 maternelle et infantile ainsi que pour le projet <b>Serviettes Sant\u00e9Vie\u00ae. <\/b>Tous les amis et sympathisants de la Fondation au S\u00e9n\u00e9gal y sont chaleureusement convi\u00e9s.<\/p>\n<p>Venez nombreux!<\/p>\n<p>&nbsp;<\/p>\n","protected":false},"excerpt":{"rendered":"<p>Un gala de charit\u00e9 aura lieu le vendredi 6 f\u00e9vrier \u00e0 Dakar au profit des programmes de la Fondation S\u00e9n\u00e9gal Sant\u00e9 Mobile en sant\u00e9 maternelle et infantile ainsi que pour le projet Serviettes Sant\u00e9Vie\u00ae. Tous les amis et sympathisants de la Fondation au S\u00e9n\u00e9gal y sont chaleureusement convi\u00e9s. Venez nombreux! &nbsp;<\/p>\n","protected":false},"author":1,"featured_media":2381,"comment_status":"open","ping_status":"open","sticky":false,"template":"","format":"standard","meta":{"footnotes":""},"categories":[80],"tags":[],"class_list":["post-2335","post","type-post","status-publish","format-standard","has-post-thumbnail","hentry","category-event"],"yoast_head":"<!-- This site is optimized with the Yoast SEO plugin v27.4 - https:\/\/yoast.com\/product\/yoast-seo-wordpress\/ -->\n<title>Invitation Soutien : Gala de charit\u00e9 le 6 f\u00e9vrier 2015 \u00e0 Dakar - S\u00e9n\u00e9gal Sant\u00e9 Mobile \ufe31Des Soins Mobiles pour un S\u00e9n\u00e9gal en Meilleure Sant\u00e9<\/title>\n<meta name=\"robots\" content=\"index, follow, max-snippet:-1, max-image-preview:large, max-video-preview:-1\" \/>\n<link rel=\"canonical\" href=\"https:\/\/senegalsantemobile.org\/fr\/2024\/03\/24\/invitation-soutien-gala-de-charite-le-6-fevrier-2015-a-dakar\/\" \/>\n<meta property=\"og:locale\" content=\"fr_FR\" \/>\n<meta property=\"og:type\" content=\"article\" \/>\n<meta property=\"og:title\" content=\"Invitation Soutien : Gala de charit\u00e9 le 6 f\u00e9vrier 2015 \u00e0 Dakar - S\u00e9n\u00e9gal Sant\u00e9 Mobile \ufe31Des Soins Mobiles pour un S\u00e9n\u00e9gal en Meilleure Sant\u00e9\" \/>\n<meta property=\"og:description\" content=\"Un gala de charit\u00e9 aura lieu le vendredi 6 f\u00e9vrier \u00e0 Dakar au profit des programmes de la Fondation S\u00e9n\u00e9gal Sant\u00e9 Mobile en sant\u00e9 maternelle et infantile ainsi que pour le projet Serviettes Sant\u00e9Vie\u00ae. Tous les amis et sympathisants de la Fondation au S\u00e9n\u00e9gal y sont chaleureusement convi\u00e9s. Venez nombreux! &nbsp;\" \/>\n<meta property=\"og:url\" content=\"https:\/\/senegalsantemobile.org\/fr\/2024\/03\/24\/invitation-soutien-gala-de-charite-le-6-fevrier-2015-a-dakar\/\" \/>\n<meta property=\"og:site_name\" content=\"S\u00e9n\u00e9gal Sant\u00e9 Mobile \ufe31Des Soins Mobiles pour un S\u00e9n\u00e9gal en Meilleure Sant\u00e9\" \/>\n<meta property=\"article:published_time\" content=\"2024-03-24T06:40:06+00:00\" \/>\n<meta property=\"article:modified_time\" content=\"2024-06-08T12:20:57+00:00\" \/>\n<meta property=\"og:image\" content=\"https:\/\/senegalsantemobile.org\/wp-content\/uploads\/2024\/03\/301470895_179670461256826_2939884197386880263_n.png\" \/>\n\t<meta property=\"og:image:width\" content=\"1080\" \/>\n\t<meta property=\"og:image:height\" content=\"1080\" \/>\n\t<meta property=\"og:image:type\" content=\"image\/png\" \/>\n<meta name=\"author\" content=\"Senegal Sante Mobile\" \/>\n<meta name=\"twitter:card\" content=\"summary_large_image\" \/>\n<meta name=\"twitter:label1\" content=\"\u00c9crit par\" \/>\n\t<meta name=\"twitter:data1\" content=\"Senegal Sante Mobile\" \/>\n\t<meta name=\"twitter:label2\" content=\"Dur\u00e9e de lecture estim\u00e9e\" \/>\n\t<meta name=\"twitter:data2\" content=\"1 minute\" \/>\n<script type=\"application\/ld+json\" class=\"yoast-schema-graph\">{\"@context\":\"https:\\\/\\\/schema.org\",\"@graph\":[{\"@type\":\"Article\",\"@id\":\"https:\\\/\\\/senegalsantemobile.org\\\/fr\\\/2024\\\/03\\\/24\\\/invitation-soutien-gala-de-charite-le-6-fevrier-2015-a-dakar\\\/#article\",\"isPartOf\":{\"@id\":\"https:\\\/\\\/senegalsantemobile.org\\\/fr\\\/2024\\\/03\\\/24\\\/invitation-soutien-gala-de-charite-le-6-fevrier-2015-a-dakar\\\/\"},\"author\":{\"name\":\"Senegal Sante Mobile\",\"@id\":\"https:\\\/\\\/senegalsantemobile.org\\\/#\\\/schema\\\/person\\\/7b8c3d0333f10f81e2b3fcdb9c8953fa\"},\"headline\":\"Invitation Soutien : Gala de charit\u00e9 le 6 f\u00e9vrier 2015 \u00e0 Dakar\",\"datePublished\":\"2024-03-24T06:40:06+00:00\",\"dateModified\":\"2024-06-08T12:20:57+00:00\",\"mainEntityOfPage\":{\"@id\":\"https:\\\/\\\/senegalsantemobile.org\\\/fr\\\/2024\\\/03\\\/24\\\/invitation-soutien-gala-de-charite-le-6-fevrier-2015-a-dakar\\\/\"},\"wordCount\":65,\"commentCount\":0,\"publisher\":{\"@id\":\"https:\\\/\\\/senegalsantemobile.org\\\/#organization\"},\"image\":{\"@id\":\"https:\\\/\\\/senegalsantemobile.org\\\/fr\\\/2024\\\/03\\\/24\\\/invitation-soutien-gala-de-charite-le-6-fevrier-2015-a-dakar\\\/#primaryimage\"},\"thumbnailUrl\":\"https:\\\/\\\/senegalsantemobile.org\\\/wp-content\\\/uploads\\\/2024\\\/03\\\/301470895_179670461256826_2939884197386880263_n.png\",\"articleSection\":[\"event\"],\"inLanguage\":\"fr-FR\"},{\"@type\":\"WebPage\",\"@id\":\"https:\\\/\\\/senegalsantemobile.org\\\/fr\\\/2024\\\/03\\\/24\\\/invitation-soutien-gala-de-charite-le-6-fevrier-2015-a-dakar\\\/\",\"url\":\"https:\\\/\\\/senegalsantemobile.org\\\/fr\\\/2024\\\/03\\\/24\\\/invitation-soutien-gala-de-charite-le-6-fevrier-2015-a-dakar\\\/\",\"name\":\"Invitation Soutien : Gala de charit\u00e9 le 6 f\u00e9vrier 2015 \u00e0 Dakar - S\u00e9n\u00e9gal Sant\u00e9 Mobile \ufe31Des Soins Mobiles pour un S\u00e9n\u00e9gal en Meilleure Sant\u00e9\",\"isPartOf\":{\"@id\":\"https:\\\/\\\/senegalsantemobile.org\\\/#website\"},\"primaryImageOfPage\":{\"@id\":\"https:\\\/\\\/senegalsantemobile.org\\\/fr\\\/2024\\\/03\\\/24\\\/invitation-soutien-gala-de-charite-le-6-fevrier-2015-a-dakar\\\/#primaryimage\"},\"image\":{\"@id\":\"https:\\\/\\\/senegalsantemobile.org\\\/fr\\\/2024\\\/03\\\/24\\\/invitation-soutien-gala-de-charite-le-6-fevrier-2015-a-dakar\\\/#primaryimage\"},\"thumbnailUrl\":\"https:\\\/\\\/senegalsantemobile.org\\\/wp-content\\\/uploads\\\/2024\\\/03\\\/301470895_179670461256826_2939884197386880263_n.png\",\"datePublished\":\"2024-03-24T06:40:06+00:00\",\"dateModified\":\"2024-06-08T12:20:57+00:00\",\"breadcrumb\":{\"@id\":\"https:\\\/\\\/senegalsantemobile.org\\\/fr\\\/2024\\\/03\\\/24\\\/invitation-soutien-gala-de-charite-le-6-fevrier-2015-a-dakar\\\/#breadcrumb\"},\"inLanguage\":\"fr-FR\",\"potentialAction\":[{\"@type\":\"ReadAction\",\"target\":[\"https:\\\/\\\/senegalsantemobile.org\\\/fr\\\/2024\\\/03\\\/24\\\/invitation-soutien-gala-de-charite-le-6-fevrier-2015-a-dakar\\\/\"]}]},{\"@type\":\"ImageObject\",\"inLanguage\":\"fr-FR\",\"@id\":\"https:\\\/\\\/senegalsantemobile.org\\\/fr\\\/2024\\\/03\\\/24\\\/invitation-soutien-gala-de-charite-le-6-fevrier-2015-a-dakar\\\/#primaryimage\",\"url\":\"https:\\\/\\\/senegalsantemobile.org\\\/wp-content\\\/uploads\\\/2024\\\/03\\\/301470895_179670461256826_2939884197386880263_n.png\",\"contentUrl\":\"https:\\\/\\\/senegalsantemobile.org\\\/wp-content\\\/uploads\\\/2024\\\/03\\\/301470895_179670461256826_2939884197386880263_n.png\",\"width\":1080,\"height\":1080},{\"@type\":\"BreadcrumbList\",\"@id\":\"https:\\\/\\\/senegalsantemobile.org\\\/fr\\\/2024\\\/03\\\/24\\\/invitation-soutien-gala-de-charite-le-6-fevrier-2015-a-dakar\\\/#breadcrumb\",\"itemListElement\":[{\"@type\":\"ListItem\",\"position\":1,\"name\":\"Home\",\"item\":\"https:\\\/\\\/senegalsantemobile.org\\\/\"},{\"@type\":\"ListItem\",\"position\":2,\"name\":\"Invitation Soutien : Gala de charit\u00e9 le 6 f\u00e9vrier 2015 \u00e0 Dakar\"}]},{\"@type\":\"WebSite\",\"@id\":\"https:\\\/\\\/senegalsantemobile.org\\\/#website\",\"url\":\"https:\\\/\\\/senegalsantemobile.org\\\/\",\"name\":\"S\u00e9n\u00e9gal Sant\u00e9 Mobile \ufe31Des Soins Mobiles pour un S\u00e9n\u00e9gal en Meilleure Sant\u00e9\",\"description\":\"\u00c0 Chaque Coin du S\u00e9n\u00e9gal, La Sant\u00e9 \u00e0 Port\u00e9e de Main\",\"publisher\":{\"@id\":\"https:\\\/\\\/senegalsantemobile.org\\\/#organization\"},\"potentialAction\":[{\"@type\":\"SearchAction\",\"target\":{\"@type\":\"EntryPoint\",\"urlTemplate\":\"https:\\\/\\\/senegalsantemobile.org\\\/?s={search_term_string}\"},\"query-input\":{\"@type\":\"PropertyValueSpecification\",\"valueRequired\":true,\"valueName\":\"search_term_string\"}}],\"inLanguage\":\"fr-FR\"},{\"@type\":\"Organization\",\"@id\":\"https:\\\/\\\/senegalsantemobile.org\\\/#organization\",\"name\":\"S\u00e9n\u00e9gal Sant\u00e9 Mobile \ufe31Des Soins Mobiles pour un S\u00e9n\u00e9gal en Meilleure Sant\u00e9\",\"url\":\"https:\\\/\\\/senegalsantemobile.org\\\/\",\"logo\":{\"@type\":\"ImageObject\",\"inLanguage\":\"fr-FR\",\"@id\":\"https:\\\/\\\/senegalsantemobile.org\\\/#\\\/schema\\\/logo\\\/image\\\/\",\"url\":\"https:\\\/\\\/senegalsantemobile.org\\\/wp-content\\\/uploads\\\/2020\\\/08\\\/logo-sq-1.png\",\"contentUrl\":\"https:\\\/\\\/senegalsantemobile.org\\\/wp-content\\\/uploads\\\/2020\\\/08\\\/logo-sq-1.png\",\"width\":500,\"height\":500,\"caption\":\"S\u00e9n\u00e9gal Sant\u00e9 Mobile \ufe31Des Soins Mobiles pour un S\u00e9n\u00e9gal en Meilleure Sant\u00e9\"},\"image\":{\"@id\":\"https:\\\/\\\/senegalsantemobile.org\\\/#\\\/schema\\\/logo\\\/image\\\/\"}},{\"@type\":\"Person\",\"@id\":\"https:\\\/\\\/senegalsantemobile.org\\\/#\\\/schema\\\/person\\\/7b8c3d0333f10f81e2b3fcdb9c8953fa\",\"name\":\"Senegal Sante Mobile\",\"image\":{\"@type\":\"ImageObject\",\"inLanguage\":\"fr-FR\",\"@id\":\"https:\\\/\\\/secure.gravatar.com\\\/avatar\\\/5cabed6cb91f459134c236f16d771698331572b0acc9c1cbca9aeffb2221ceb5?s=96&d=mm&r=g\",\"url\":\"https:\\\/\\\/secure.gravatar.com\\\/avatar\\\/5cabed6cb91f459134c236f16d771698331572b0acc9c1cbca9aeffb2221ceb5?s=96&d=mm&r=g\",\"contentUrl\":\"https:\\\/\\\/secure.gravatar.com\\\/avatar\\\/5cabed6cb91f459134c236f16d771698331572b0acc9c1cbca9aeffb2221ceb5?s=96&d=mm&r=g\",\"caption\":\"Senegal Sante Mobile\"},\"sameAs\":[\"https:\\\/\\\/senegalsantemobile.org\"],\"url\":\"https:\\\/\\\/senegalsantemobile.org\\\/fr\\\/author\\\/administrateur\\\/\"}]}<\/script>\n<!-- \/ Yoast SEO plugin. -->","yoast_head_json":{"title":"Invitation Soutien : Gala de charit\u00e9 le 6 f\u00e9vrier 2015 \u00e0 Dakar - S\u00e9n\u00e9gal Sant\u00e9 Mobile \ufe31Des Soins Mobiles pour un S\u00e9n\u00e9gal en Meilleure Sant\u00e9","robots":{"index":"index","follow":"follow","max-snippet":"max-snippet:-1","max-image-preview":"max-image-preview:large","max-video-preview":"max-video-preview:-1"},"canonical":"https:\/\/senegalsantemobile.org\/fr\/2024\/03\/24\/invitation-soutien-gala-de-charite-le-6-fevrier-2015-a-dakar\/","og_locale":"fr_FR","og_type":"article","og_title":"Invitation Soutien : Gala de charit\u00e9 le 6 f\u00e9vrier 2015 \u00e0 Dakar - S\u00e9n\u00e9gal Sant\u00e9 Mobile \ufe31Des Soins Mobiles pour un S\u00e9n\u00e9gal en Meilleure Sant\u00e9","og_description":"Un gala de charit\u00e9 aura lieu le vendredi 6 f\u00e9vrier \u00e0 Dakar au profit des programmes de la Fondation S\u00e9n\u00e9gal Sant\u00e9 Mobile en sant\u00e9 maternelle et infantile ainsi que pour le projet Serviettes Sant\u00e9Vie\u00ae. Tous les amis et sympathisants de la Fondation au S\u00e9n\u00e9gal y sont chaleureusement convi\u00e9s. Venez nombreux! &nbsp;","og_url":"https:\/\/senegalsantemobile.org\/fr\/2024\/03\/24\/invitation-soutien-gala-de-charite-le-6-fevrier-2015-a-dakar\/","og_site_name":"S\u00e9n\u00e9gal Sant\u00e9 Mobile \ufe31Des Soins Mobiles pour un S\u00e9n\u00e9gal en Meilleure Sant\u00e9","article_published_time":"2024-03-24T06:40:06+00:00","article_modified_time":"2024-06-08T12:20:57+00:00","og_image":[{"width":1080,"height":1080,"url":"https:\/\/senegalsantemobile.org\/wp-content\/uploads\/2024\/03\/301470895_179670461256826_2939884197386880263_n.png","type":"image\/png"}],"author":"Senegal Sante Mobile","twitter_card":"summary_large_image","twitter_misc":{"\u00c9crit par":"Senegal Sante Mobile","Dur\u00e9e de lecture estim\u00e9e":"1 minute"},"schema":{"@context":"https:\/\/schema.org","@graph":[{"@type":"Article","@id":"https:\/\/senegalsantemobile.org\/fr\/2024\/03\/24\/invitation-soutien-gala-de-charite-le-6-fevrier-2015-a-dakar\/#article","isPartOf":{"@id":"https:\/\/senegalsantemobile.org\/fr\/2024\/03\/24\/invitation-soutien-gala-de-charite-le-6-fevrier-2015-a-dakar\/"},"author":{"name":"Senegal Sante Mobile","@id":"https:\/\/senegalsantemobile.org\/#\/schema\/person\/7b8c3d0333f10f81e2b3fcdb9c8953fa"},"headline":"Invitation Soutien : Gala de charit\u00e9 le 6 f\u00e9vrier 2015 \u00e0 Dakar","datePublished":"2024-03-24T06:40:06+00:00","dateModified":"2024-06-08T12:20:57+00:00","mainEntityOfPage":{"@id":"https:\/\/senegalsantemobile.org\/fr\/2024\/03\/24\/invitation-soutien-gala-de-charite-le-6-fevrier-2015-a-dakar\/"},"wordCount":65,"commentCount":0,"publisher":{"@id":"https:\/\/senegalsantemobile.org\/#organization"},"image":{"@id":"https:\/\/senegalsantemobile.org\/fr\/2024\/03\/24\/invitation-soutien-gala-de-charite-le-6-fevrier-2015-a-dakar\/#primaryimage"},"thumbnailUrl":"https:\/\/senegalsantemobile.org\/wp-content\/uploads\/2024\/03\/301470895_179670461256826_2939884197386880263_n.png","articleSection":["event"],"inLanguage":"fr-FR"},{"@type":"WebPage","@id":"https:\/\/senegalsantemobile.org\/fr\/2024\/03\/24\/invitation-soutien-gala-de-charite-le-6-fevrier-2015-a-dakar\/","url":"https:\/\/senegalsantemobile.org\/fr\/2024\/03\/24\/invitation-soutien-gala-de-charite-le-6-fevrier-2015-a-dakar\/","name":"Invitation Soutien : Gala de charit\u00e9 le 6 f\u00e9vrier 2015 \u00e0 Dakar - S\u00e9n\u00e9gal Sant\u00e9 Mobile \ufe31Des Soins Mobiles pour un S\u00e9n\u00e9gal en Meilleure Sant\u00e9","isPartOf":{"@id":"https:\/\/senegalsantemobile.org\/#website"},"primaryImageOfPage":{"@id":"https:\/\/senegalsantemobile.org\/fr\/2024\/03\/24\/invitation-soutien-gala-de-charite-le-6-fevrier-2015-a-dakar\/#primaryimage"},"image":{"@id":"https:\/\/senegalsantemobile.org\/fr\/2024\/03\/24\/invitation-soutien-gala-de-charite-le-6-fevrier-2015-a-dakar\/#primaryimage"},"thumbnailUrl":"https:\/\/senegalsantemobile.org\/wp-content\/uploads\/2024\/03\/301470895_179670461256826_2939884197386880263_n.png","datePublished":"2024-03-24T06:40:06+00:00","dateModified":"2024-06-08T12:20:57+00:00","breadcrumb":{"@id":"https:\/\/senegalsantemobile.org\/fr\/2024\/03\/24\/invitation-soutien-gala-de-charite-le-6-fevrier-2015-a-dakar\/#breadcrumb"},"inLanguage":"fr-FR","potentialAction":[{"@type":"ReadAction","target":["https:\/\/senegalsantemobile.org\/fr\/2024\/03\/24\/invitation-soutien-gala-de-charite-le-6-fevrier-2015-a-dakar\/"]}]},{"@type":"ImageObject","inLanguage":"fr-FR","@id":"https:\/\/senegalsantemobile.org\/fr\/2024\/03\/24\/invitation-soutien-gala-de-charite-le-6-fevrier-2015-a-dakar\/#primaryimage","url":"https:\/\/senegalsantemobile.org\/wp-content\/uploads\/2024\/03\/301470895_179670461256826_2939884197386880263_n.png","contentUrl":"https:\/\/senegalsantemobile.org\/wp-content\/uploads\/2024\/03\/301470895_179670461256826_2939884197386880263_n.png","width":1080,"height":1080},{"@type":"BreadcrumbList","@id":"https:\/\/senegalsantemobile.org\/fr\/2024\/03\/24\/invitation-soutien-gala-de-charite-le-6-fevrier-2015-a-dakar\/#breadcrumb","itemListElement":[{"@type":"ListItem","position":1,"name":"Home","item":"https:\/\/senegalsantemobile.org\/"},{"@type":"ListItem","position":2,"name":"Invitation Soutien : Gala de charit\u00e9 le 6 f\u00e9vrier 2015 \u00e0 Dakar"}]},{"@type":"WebSite","@id":"https:\/\/senegalsantemobile.org\/#website","url":"https:\/\/senegalsantemobile.org\/","name":"S\u00e9n\u00e9gal Sant\u00e9 Mobile \ufe31Des Soins Mobiles pour un S\u00e9n\u00e9gal en Meilleure Sant\u00e9","description":"\u00c0 Chaque Coin du S\u00e9n\u00e9gal, La Sant\u00e9 \u00e0 Port\u00e9e de Main","publisher":{"@id":"https:\/\/senegalsantemobile.org\/#organization"},"potentialAction":[{"@type":"SearchAction","target":{"@type":"EntryPoint","urlTemplate":"https:\/\/senegalsantemobile.org\/?s={search_term_string}"},"query-input":{"@type":"PropertyValueSpecification","valueRequired":true,"valueName":"search_term_string"}}],"inLanguage":"fr-FR"},{"@type":"Organization","@id":"https:\/\/senegalsantemobile.org\/#organization","name":"S\u00e9n\u00e9gal Sant\u00e9 Mobile \ufe31Des Soins Mobiles pour un S\u00e9n\u00e9gal en Meilleure Sant\u00e9","url":"https:\/\/senegalsantemobile.org\/","logo":{"@type":"ImageObject","inLanguage":"fr-FR","@id":"https:\/\/senegalsantemobile.org\/#\/schema\/logo\/image\/","url":"https:\/\/senegalsantemobile.org\/wp-content\/uploads\/2020\/08\/logo-sq-1.png","contentUrl":"https:\/\/senegalsantemobile.org\/wp-content\/uploads\/2020\/08\/logo-sq-1.png","width":500,"height":500,"caption":"S\u00e9n\u00e9gal Sant\u00e9 Mobile \ufe31Des Soins Mobiles pour un S\u00e9n\u00e9gal en Meilleure Sant\u00e9"},"image":{"@id":"https:\/\/senegalsantemobile.org\/#\/schema\/logo\/image\/"}},{"@type":"Person","@id":"https:\/\/senegalsantemobile.org\/#\/schema\/person\/7b8c3d0333f10f81e2b3fcdb9c8953fa","name":"Senegal Sante Mobile","image":{"@type":"ImageObject","inLanguage":"fr-FR","@id":"https:\/\/secure.gravatar.com\/avatar\/5cabed6cb91f459134c236f16d771698331572b0acc9c1cbca9aeffb2221ceb5?s=96&d=mm&r=g","url":"https:\/\/secure.gravatar.com\/avatar\/5cabed6cb91f459134c236f16d771698331572b0acc9c1cbca9aeffb2221ceb5?s=96&d=mm&r=g","contentUrl":"https:\/\/secure.gravatar.com\/avatar\/5cabed6cb91f459134c236f16d771698331572b0acc9c1cbca9aeffb2221ceb5?s=96&d=mm&r=g","caption":"Senegal Sante Mobile"},"sameAs":["https:\/\/senegalsantemobile.org"],"url":"https:\/\/senegalsantemobile.org\/fr\/author\/administrateur\/"}]}},"_links":{"self":[{"href":"https:\/\/senegalsantemobile.org\/fr\/wp-json\/wp\/v2\/posts\/2335","targetHints":{"allow":["GET"]}}],"collection":[{"href":"https:\/\/senegalsantemobile.org\/fr\/wp-json\/wp\/v2\/posts"}],"about":[{"href":"https:\/\/senegalsantemobile.org\/fr\/wp-json\/wp\/v2\/types\/post"}],"author":[{"embeddable":true,"href":"https:\/\/senegalsantemobile.org\/fr\/wp-json\/wp\/v2\/users\/1"}],"replies":[{"embeddable":true,"href":"https:\/\/senegalsantemobile.org\/fr\/wp-json\/wp\/v2\/comments?post=2335"}],"version-history":[{"count":1,"href":"https:\/\/senegalsantemobile.org\/fr\/wp-json\/wp\/v2\/posts\/2335\/revisions"}],"predecessor-version":[{"id":8594,"href":"https:\/\/senegalsantemobile.org\/fr\/wp-json\/wp\/v2\/posts\/2335\/revisions\/8594"}],"wp:featuredmedia":[{"embeddable":true,"href":"https:\/\/senegalsantemobile.org\/fr\/wp-json\/wp\/v2\/media\/2381"}],"wp:attachment":[{"href":"https:\/\/senegalsantemobile.org\/fr\/wp-json\/wp\/v2\/media?parent=2335"}],"wp:term":[{"taxonomy":"category","embeddable":true,"href":"https:\/\/senegalsantemobile.org\/fr\/wp-json\/wp\/v2\/categories?post=2335"},{"taxonomy":"post_tag","embeddable":true,"href":"https:\/\/senegalsantemobile.org\/fr\/wp-json\/wp\/v2\/tags?post=2335"}],"curies":[{"name":"wp","href":"https:\/\/api.w.org\/{rel}","templated":true}]}}