{"id":2337,"date":"2024-03-24T06:40:07","date_gmt":"2024-03-24T06:40:07","guid":{"rendered":"https:\/\/senegalsantemobile.org\/?p=1671"},"modified":"2024-06-08T12:33:23","modified_gmt":"2024-06-08T12:33:23","slug":"2015-une-annee-dopportunite","status":"publish","type":"post","link":"https:\/\/senegalsantemobile.org\/fr\/2024\/03\/24\/2015-une-annee-dopportunite\/","title":{"rendered":"2015 : Une ann\u00e9e d&rsquo;opportunit\u00e9"},"content":{"rendered":"<p>Par SharaRosen<\/p>\n<p>Ce matin, j\u2019ai lu un compte-rendu du <a href=\"http:\/\/www.un.org\/sg\/statements\/index.asp?nid=8312\">discours du Secr\u00e9taire g\u00e9n\u00e9ral de l\u2019ONU<\/a> devant une r\u00e9union informelle r\u00e9cente de l\u2019Assembl\u00e9e g\u00e9n\u00e9rale et je suis encourag\u00e9e de voir que \u00ab\u00a0<i>l\u2019autonomisation des femmes, leur participation, l&rsquo;\u00e9ducation et \u00a0la sant\u00e9<\/i>\u00a0\u00bb demeurent une priorit\u00e9 au cours de cette \u00ab\u00a0<i>ann\u00e9e d\u2019opportunit\u00e9s<\/i>\u00a0\u00bb comme Ban Ki-moon a appel\u00e9 l\u2019ann\u00e9e 2015.<\/p>\n<p>\u00c0 la Fondation S\u00e9n\u00e9gal Sant\u00e9 Mobile, nous continuons \u00e0 \u00eatre inspir\u00e9s par les paroles de Ban Ki-moon consign\u00e9es dans un rapport de l\u2019Organisation mondiale de la sant\u00e9 publi\u00e9 en 2010\u00a0:<\/p>\n<p><i>\u00ab Chaque ann\u00e9e, des millions de femmes et d&rsquo;enfants meurent de causes \u00e9vitables. Ce ne sont pas l\u00e0 de simples statistiques. Ce sont des gens avec des noms et des visages. Leur souffrance est inacceptable au 21\u00e8me si\u00e8cle. Par cons\u00e9quent, nous devons faire plus pour le nouveau-n\u00e9 qui succombe \u00e0 une infection faute d&rsquo;une simple injection, et pour le jeune gar\u00e7on qui n\u2019atteindra jamais son plein potentiel en raison de la malnutrition. Nous devons faire plus pour l&rsquo;adolescente qui fait face \u00e0 une grossesse non d\u00e9sir\u00e9e, pour la femme mari\u00e9e qui d\u00e9couvre qu&rsquo;elle est infect\u00e9e par le VIH\u00a0 ainsi que pour la m\u00e8re vivant des complications \u00e0 l&rsquo;accouchement \u00bb (notre traduction).<\/i><\/p>\n<p>En effet, encore en 2015, les actions de la Fondation vont cibler l\u2019am\u00e9lioration des soins de sant\u00e9 \u00e0 des populations moins bien desservies du S\u00e9n\u00e9gal gr\u00e2ce \u00e0 des initiatives \u00e0 notre mesure qui permettront \u00e0 des femmes s\u00e9n\u00e9galaises de vivre une grossesse et un accouchement en sant\u00e9 et aux nouveaux-n\u00e9s d\u2019avoir de meilleures chances de survie.<\/p>\n<p>Je termine mes derniers pr\u00e9paratifs pour mon voyage au S\u00e9n\u00e9gal au cours duquel, gr\u00e2ce aux dons de notre premi\u00e8re campagne <a href=\"http:\/\/givingtuesday.ca\/fr\/\">Mardijedonne<\/a> et de notre campagne de fin d\u2019ann\u00e9e 2014, nous allons \u00eatre en mesure de saisir deux opportunit\u00e9s diff\u00e9rentes.<\/p>\n<p>D\u2019abord, <b>nous allons \u00e9quiper trois maternit\u00e9s<\/b> de Thi\u00e8s, Kaolack et Kaffrine, avec notre <b>trousse M\u00e8re-Enfant<\/b>.\u00a0 Cette trousse comprend des fournitures de base essentielles, de petits \u00e9quipements, des m\u00e9dicaments et des vitamines. \u00a0De plus, connaissant les bienfaits d\u2019un suivi pr\u00e9natal, j\u2019ai obtenu aupr\u00e8s de notre partenaire <a href=\"http:\/\/www.hpicanada.ca\/fr\/\">HealthPartners International of Canada<\/a>, l\u2019ajout de tests d\u2019urine pour le d\u00e9pistage du diab\u00e8te de grossesse et d\u2019autres conditions qui n\u00e9cessitent un suivi pr\u00e9natal plus serr\u00e9. C\u2019est si simple pour nous d\u2019apporter de tels outils diagnostics et l\u2019impact est si grand!L\u2019acc\u00e8s \u00e0 ces tests de diagnostic augmente les chances des femmes s\u00e9n\u00e9galaises de vivre une grossesse et un accouchement sains, ce qui est la raison d\u2019\u00eatre de la Fondation S\u00e9n\u00e9gal Sant\u00e9 Mobile!<\/p>\n<p>Ensuite, je vais profiter de ce s\u00e9jour pour rencontrer des femmes et des associations de femmes afin de leur parler des <b>Serviettes Sant\u00e9Vie\u00ae<\/b> et de les encourager \u00e0 en faire l\u2019essai. Ces serviettes hygi\u00e9niques en coton sont r\u00e9utilisables et se veulent une option \u00e9cologique et \u00e9conomique par rapport aux serviettes jetables qui, trop souvent, demeurent hors de prix pour la majorit\u00e9 des femmes. <b>Serviettes Sant\u00e9Vie\u00ae <\/b>offrent aux femmes une libert\u00e9 de mouvement au cours de leurs r\u00e8gles car elles sont imperm\u00e9ables. Douces au toucher, elles sont agr\u00e9ables \u00e0 porter. Finalement, elles sont lavables et r\u00e9utilisables, donc \u00e9conomiques aussi!<\/p>\n<p>Pour nos amis et sympathisants au S\u00e9n\u00e9gal et tous ceux qui voudraient mieux nous conna\u00eetre, la Fondation pr\u00e9pare un <b>souper-b\u00e9n\u00e9fice<\/b> qui aura lieu \u00e0 Dakar le 6 f\u00e9vrier prochain.\u00a0 Plus de nouvelles bient\u00f4t!<\/p>\n<p>Pour acc\u00e9der au rapport de l\u2019OMS (en anglais seulement)\u00a0 <a href=\"https:\/\/www.who.int\/pmnch\/activities\/advocacy\/globalstrategy\/en\/\"><b>Global Strategy for Women\u2019s and Children\u2019sHealth<\/b>\u00a0<\/a><\/p>\n","protected":false},"excerpt":{"rendered":"<p>Par SharaRosen Ce matin, j\u2019ai lu un compte-rendu du discours du Secr\u00e9taire g\u00e9n\u00e9ral de l\u2019ONU devant une r\u00e9union informelle r\u00e9cente de l\u2019Assembl\u00e9e g\u00e9n\u00e9rale et je suis encourag\u00e9e de voir que \u00ab\u00a0l\u2019autonomisation des femmes, leur participation, l&rsquo;\u00e9ducation et \u00a0la sant\u00e9\u00a0\u00bb demeurent une priorit\u00e9 au cours de cette \u00ab\u00a0ann\u00e9e d\u2019opportunit\u00e9s\u00a0\u00bb comme Ban Ki-moon a appel\u00e9 l\u2019ann\u00e9e 2015. [&hellip;]<\/p>\n","protected":false},"author":1,"featured_media":2371,"comment_status":"closed","ping_status":"closed","sticky":false,"template":"","format":"standard","meta":{"footnotes":""},"categories":[76],"tags":[],"class_list":["post-2337","post","type-post","status-publish","format-standard","has-post-thumbnail","hentry","category-news"],"yoast_head":"<!-- This site is optimized with the Yoast SEO plugin v27.4 - https:\/\/yoast.com\/product\/yoast-seo-wordpress\/ -->\n<title>2015 : Une ann\u00e9e d&#039;opportunit\u00e9 - S\u00e9n\u00e9gal Sant\u00e9 Mobile \ufe31Des Soins Mobiles pour un S\u00e9n\u00e9gal en Meilleure Sant\u00e9<\/title>\n<meta name=\"robots\" content=\"index, follow, max-snippet:-1, max-image-preview:large, max-video-preview:-1\" \/>\n<link rel=\"canonical\" href=\"https:\/\/senegalsantemobile.org\/2024\/03\/24\/2015-a-year-of-opportunity\/\" \/>\n<meta property=\"og:locale\" content=\"fr_FR\" \/>\n<meta property=\"og:type\" content=\"article\" \/>\n<meta property=\"og:title\" content=\"2015 : Une ann\u00e9e d&#039;opportunit\u00e9 - S\u00e9n\u00e9gal Sant\u00e9 Mobile \ufe31Des Soins Mobiles pour un S\u00e9n\u00e9gal en Meilleure Sant\u00e9\" \/>\n<meta property=\"og:description\" content=\"Par SharaRosen Ce matin, j\u2019ai lu un compte-rendu du discours du Secr\u00e9taire g\u00e9n\u00e9ral de l\u2019ONU devant une r\u00e9union informelle r\u00e9cente de l\u2019Assembl\u00e9e g\u00e9n\u00e9rale et je suis encourag\u00e9e de voir que \u00ab\u00a0l\u2019autonomisation des femmes, leur participation, l&rsquo;\u00e9ducation et \u00a0la sant\u00e9\u00a0\u00bb demeurent une priorit\u00e9 au cours de cette \u00ab\u00a0ann\u00e9e d\u2019opportunit\u00e9s\u00a0\u00bb comme Ban Ki-moon a appel\u00e9 l\u2019ann\u00e9e 2015. [&hellip;]\" \/>\n<meta property=\"og:url\" content=\"https:\/\/senegalsantemobile.org\/2024\/03\/24\/2015-a-year-of-opportunity\/\" \/>\n<meta property=\"og:site_name\" content=\"S\u00e9n\u00e9gal Sant\u00e9 Mobile \ufe31Des Soins Mobiles pour un S\u00e9n\u00e9gal en Meilleure Sant\u00e9\" \/>\n<meta property=\"article:published_time\" content=\"2024-03-24T06:40:07+00:00\" \/>\n<meta property=\"article:modified_time\" content=\"2024-06-08T12:33:23+00:00\" \/>\n<meta property=\"og:image\" content=\"https:\/\/senegalsantemobile.org\/wp-content\/uploads\/2024\/03\/pw_1022_news_item1.png\" \/>\n\t<meta property=\"og:image:width\" content=\"1200\" \/>\n\t<meta property=\"og:image:height\" content=\"675\" \/>\n\t<meta property=\"og:image:type\" content=\"image\/png\" \/>\n<meta name=\"author\" content=\"Senegal Sante Mobile\" \/>\n<meta name=\"twitter:card\" content=\"summary_large_image\" \/>\n<meta name=\"twitter:label1\" content=\"\u00c9crit par\" \/>\n\t<meta name=\"twitter:data1\" content=\"Senegal Sante Mobile\" \/>\n\t<meta name=\"twitter:label2\" content=\"Dur\u00e9e de lecture estim\u00e9e\" \/>\n\t<meta name=\"twitter:data2\" content=\"4 minutes\" \/>\n<script type=\"application\/ld+json\" class=\"yoast-schema-graph\">{\"@context\":\"https:\\\/\\\/schema.org\",\"@graph\":[{\"@type\":\"Article\",\"@id\":\"https:\\\/\\\/senegalsantemobile.org\\\/2024\\\/03\\\/24\\\/2015-a-year-of-opportunity\\\/#article\",\"isPartOf\":{\"@id\":\"https:\\\/\\\/senegalsantemobile.org\\\/2024\\\/03\\\/24\\\/2015-a-year-of-opportunity\\\/\"},\"author\":{\"name\":\"Senegal Sante Mobile\",\"@id\":\"https:\\\/\\\/senegalsantemobile.org\\\/#\\\/schema\\\/person\\\/7b8c3d0333f10f81e2b3fcdb9c8953fa\"},\"headline\":\"2015 : Une ann\u00e9e d&rsquo;opportunit\u00e9\",\"datePublished\":\"2024-03-24T06:40:07+00:00\",\"dateModified\":\"2024-06-08T12:33:23+00:00\",\"mainEntityOfPage\":{\"@id\":\"https:\\\/\\\/senegalsantemobile.org\\\/2024\\\/03\\\/24\\\/2015-a-year-of-opportunity\\\/\"},\"wordCount\":645,\"publisher\":{\"@id\":\"https:\\\/\\\/senegalsantemobile.org\\\/#organization\"},\"image\":{\"@id\":\"https:\\\/\\\/senegalsantemobile.org\\\/2024\\\/03\\\/24\\\/2015-a-year-of-opportunity\\\/#primaryimage\"},\"thumbnailUrl\":\"https:\\\/\\\/senegalsantemobile.org\\\/wp-content\\\/uploads\\\/2024\\\/03\\\/pw_1022_news_item1.png\",\"articleSection\":[\"Nouvelles\"],\"inLanguage\":\"fr-FR\"},{\"@type\":\"WebPage\",\"@id\":\"https:\\\/\\\/senegalsantemobile.org\\\/2024\\\/03\\\/24\\\/2015-a-year-of-opportunity\\\/\",\"url\":\"https:\\\/\\\/senegalsantemobile.org\\\/2024\\\/03\\\/24\\\/2015-a-year-of-opportunity\\\/\",\"name\":\"2015 : Une ann\u00e9e d'opportunit\u00e9 - S\u00e9n\u00e9gal Sant\u00e9 Mobile \ufe31Des Soins Mobiles pour un S\u00e9n\u00e9gal en Meilleure Sant\u00e9\",\"isPartOf\":{\"@id\":\"https:\\\/\\\/senegalsantemobile.org\\\/#website\"},\"primaryImageOfPage\":{\"@id\":\"https:\\\/\\\/senegalsantemobile.org\\\/2024\\\/03\\\/24\\\/2015-a-year-of-opportunity\\\/#primaryimage\"},\"image\":{\"@id\":\"https:\\\/\\\/senegalsantemobile.org\\\/2024\\\/03\\\/24\\\/2015-a-year-of-opportunity\\\/#primaryimage\"},\"thumbnailUrl\":\"https:\\\/\\\/senegalsantemobile.org\\\/wp-content\\\/uploads\\\/2024\\\/03\\\/pw_1022_news_item1.png\",\"datePublished\":\"2024-03-24T06:40:07+00:00\",\"dateModified\":\"2024-06-08T12:33:23+00:00\",\"breadcrumb\":{\"@id\":\"https:\\\/\\\/senegalsantemobile.org\\\/2024\\\/03\\\/24\\\/2015-a-year-of-opportunity\\\/#breadcrumb\"},\"inLanguage\":\"fr-FR\",\"potentialAction\":[{\"@type\":\"ReadAction\",\"target\":[\"https:\\\/\\\/senegalsantemobile.org\\\/2024\\\/03\\\/24\\\/2015-a-year-of-opportunity\\\/\"]}]},{\"@type\":\"ImageObject\",\"inLanguage\":\"fr-FR\",\"@id\":\"https:\\\/\\\/senegalsantemobile.org\\\/2024\\\/03\\\/24\\\/2015-a-year-of-opportunity\\\/#primaryimage\",\"url\":\"https:\\\/\\\/senegalsantemobile.org\\\/wp-content\\\/uploads\\\/2024\\\/03\\\/pw_1022_news_item1.png\",\"contentUrl\":\"https:\\\/\\\/senegalsantemobile.org\\\/wp-content\\\/uploads\\\/2024\\\/03\\\/pw_1022_news_item1.png\",\"width\":1200,\"height\":675},{\"@type\":\"BreadcrumbList\",\"@id\":\"https:\\\/\\\/senegalsantemobile.org\\\/2024\\\/03\\\/24\\\/2015-a-year-of-opportunity\\\/#breadcrumb\",\"itemListElement\":[{\"@type\":\"ListItem\",\"position\":1,\"name\":\"Home\",\"item\":\"https:\\\/\\\/senegalsantemobile.org\\\/\"},{\"@type\":\"ListItem\",\"position\":2,\"name\":\"2015 : Une ann\u00e9e d&#8217;opportunit\u00e9\"}]},{\"@type\":\"WebSite\",\"@id\":\"https:\\\/\\\/senegalsantemobile.org\\\/#website\",\"url\":\"https:\\\/\\\/senegalsantemobile.org\\\/\",\"name\":\"S\u00e9n\u00e9gal Sant\u00e9 Mobile \ufe31Des Soins Mobiles pour un S\u00e9n\u00e9gal en Meilleure Sant\u00e9\",\"description\":\"\u00c0 Chaque Coin du S\u00e9n\u00e9gal, La Sant\u00e9 \u00e0 Port\u00e9e de Main\",\"publisher\":{\"@id\":\"https:\\\/\\\/senegalsantemobile.org\\\/#organization\"},\"potentialAction\":[{\"@type\":\"SearchAction\",\"target\":{\"@type\":\"EntryPoint\",\"urlTemplate\":\"https:\\\/\\\/senegalsantemobile.org\\\/?s={search_term_string}\"},\"query-input\":{\"@type\":\"PropertyValueSpecification\",\"valueRequired\":true,\"valueName\":\"search_term_string\"}}],\"inLanguage\":\"fr-FR\"},{\"@type\":\"Organization\",\"@id\":\"https:\\\/\\\/senegalsantemobile.org\\\/#organization\",\"name\":\"S\u00e9n\u00e9gal Sant\u00e9 Mobile \ufe31Des Soins Mobiles pour un S\u00e9n\u00e9gal en Meilleure Sant\u00e9\",\"url\":\"https:\\\/\\\/senegalsantemobile.org\\\/\",\"logo\":{\"@type\":\"ImageObject\",\"inLanguage\":\"fr-FR\",\"@id\":\"https:\\\/\\\/senegalsantemobile.org\\\/#\\\/schema\\\/logo\\\/image\\\/\",\"url\":\"https:\\\/\\\/senegalsantemobile.org\\\/wp-content\\\/uploads\\\/2020\\\/08\\\/logo-sq-1.png\",\"contentUrl\":\"https:\\\/\\\/senegalsantemobile.org\\\/wp-content\\\/uploads\\\/2020\\\/08\\\/logo-sq-1.png\",\"width\":500,\"height\":500,\"caption\":\"S\u00e9n\u00e9gal Sant\u00e9 Mobile \ufe31Des Soins Mobiles pour un S\u00e9n\u00e9gal en Meilleure Sant\u00e9\"},\"image\":{\"@id\":\"https:\\\/\\\/senegalsantemobile.org\\\/#\\\/schema\\\/logo\\\/image\\\/\"}},{\"@type\":\"Person\",\"@id\":\"https:\\\/\\\/senegalsantemobile.org\\\/#\\\/schema\\\/person\\\/7b8c3d0333f10f81e2b3fcdb9c8953fa\",\"name\":\"Senegal Sante Mobile\",\"image\":{\"@type\":\"ImageObject\",\"inLanguage\":\"fr-FR\",\"@id\":\"https:\\\/\\\/secure.gravatar.com\\\/avatar\\\/5cabed6cb91f459134c236f16d771698331572b0acc9c1cbca9aeffb2221ceb5?s=96&d=mm&r=g\",\"url\":\"https:\\\/\\\/secure.gravatar.com\\\/avatar\\\/5cabed6cb91f459134c236f16d771698331572b0acc9c1cbca9aeffb2221ceb5?s=96&d=mm&r=g\",\"contentUrl\":\"https:\\\/\\\/secure.gravatar.com\\\/avatar\\\/5cabed6cb91f459134c236f16d771698331572b0acc9c1cbca9aeffb2221ceb5?s=96&d=mm&r=g\",\"caption\":\"Senegal Sante Mobile\"},\"sameAs\":[\"https:\\\/\\\/senegalsantemobile.org\"],\"url\":\"https:\\\/\\\/senegalsantemobile.org\\\/fr\\\/author\\\/administrateur\\\/\"}]}<\/script>\n<!-- \/ Yoast SEO plugin. -->","yoast_head_json":{"title":"2015 : Une ann\u00e9e d'opportunit\u00e9 - S\u00e9n\u00e9gal Sant\u00e9 Mobile \ufe31Des Soins Mobiles pour un S\u00e9n\u00e9gal en Meilleure Sant\u00e9","robots":{"index":"index","follow":"follow","max-snippet":"max-snippet:-1","max-image-preview":"max-image-preview:large","max-video-preview":"max-video-preview:-1"},"canonical":"https:\/\/senegalsantemobile.org\/2024\/03\/24\/2015-a-year-of-opportunity\/","og_locale":"fr_FR","og_type":"article","og_title":"2015 : Une ann\u00e9e d'opportunit\u00e9 - S\u00e9n\u00e9gal Sant\u00e9 Mobile \ufe31Des Soins Mobiles pour un S\u00e9n\u00e9gal en Meilleure Sant\u00e9","og_description":"Par SharaRosen Ce matin, j\u2019ai lu un compte-rendu du discours du Secr\u00e9taire g\u00e9n\u00e9ral de l\u2019ONU devant une r\u00e9union informelle r\u00e9cente de l\u2019Assembl\u00e9e g\u00e9n\u00e9rale et je suis encourag\u00e9e de voir que \u00ab\u00a0l\u2019autonomisation des femmes, leur participation, l&rsquo;\u00e9ducation et \u00a0la sant\u00e9\u00a0\u00bb demeurent une priorit\u00e9 au cours de cette \u00ab\u00a0ann\u00e9e d\u2019opportunit\u00e9s\u00a0\u00bb comme Ban Ki-moon a appel\u00e9 l\u2019ann\u00e9e 2015. [&hellip;]","og_url":"https:\/\/senegalsantemobile.org\/2024\/03\/24\/2015-a-year-of-opportunity\/","og_site_name":"S\u00e9n\u00e9gal Sant\u00e9 Mobile \ufe31Des Soins Mobiles pour un S\u00e9n\u00e9gal en Meilleure Sant\u00e9","article_published_time":"2024-03-24T06:40:07+00:00","article_modified_time":"2024-06-08T12:33:23+00:00","og_image":[{"width":1200,"height":675,"url":"https:\/\/senegalsantemobile.org\/wp-content\/uploads\/2024\/03\/pw_1022_news_item1.png","type":"image\/png"}],"author":"Senegal Sante Mobile","twitter_card":"summary_large_image","twitter_misc":{"\u00c9crit par":"Senegal Sante Mobile","Dur\u00e9e de lecture estim\u00e9e":"4 minutes"},"schema":{"@context":"https:\/\/schema.org","@graph":[{"@type":"Article","@id":"https:\/\/senegalsantemobile.org\/2024\/03\/24\/2015-a-year-of-opportunity\/#article","isPartOf":{"@id":"https:\/\/senegalsantemobile.org\/2024\/03\/24\/2015-a-year-of-opportunity\/"},"author":{"name":"Senegal Sante Mobile","@id":"https:\/\/senegalsantemobile.org\/#\/schema\/person\/7b8c3d0333f10f81e2b3fcdb9c8953fa"},"headline":"2015 : Une ann\u00e9e d&rsquo;opportunit\u00e9","datePublished":"2024-03-24T06:40:07+00:00","dateModified":"2024-06-08T12:33:23+00:00","mainEntityOfPage":{"@id":"https:\/\/senegalsantemobile.org\/2024\/03\/24\/2015-a-year-of-opportunity\/"},"wordCount":645,"publisher":{"@id":"https:\/\/senegalsantemobile.org\/#organization"},"image":{"@id":"https:\/\/senegalsantemobile.org\/2024\/03\/24\/2015-a-year-of-opportunity\/#primaryimage"},"thumbnailUrl":"https:\/\/senegalsantemobile.org\/wp-content\/uploads\/2024\/03\/pw_1022_news_item1.png","articleSection":["Nouvelles"],"inLanguage":"fr-FR"},{"@type":"WebPage","@id":"https:\/\/senegalsantemobile.org\/2024\/03\/24\/2015-a-year-of-opportunity\/","url":"https:\/\/senegalsantemobile.org\/2024\/03\/24\/2015-a-year-of-opportunity\/","name":"2015 : Une ann\u00e9e d'opportunit\u00e9 - S\u00e9n\u00e9gal Sant\u00e9 Mobile \ufe31Des Soins Mobiles pour un S\u00e9n\u00e9gal en Meilleure Sant\u00e9","isPartOf":{"@id":"https:\/\/senegalsantemobile.org\/#website"},"primaryImageOfPage":{"@id":"https:\/\/senegalsantemobile.org\/2024\/03\/24\/2015-a-year-of-opportunity\/#primaryimage"},"image":{"@id":"https:\/\/senegalsantemobile.org\/2024\/03\/24\/2015-a-year-of-opportunity\/#primaryimage"},"thumbnailUrl":"https:\/\/senegalsantemobile.org\/wp-content\/uploads\/2024\/03\/pw_1022_news_item1.png","datePublished":"2024-03-24T06:40:07+00:00","dateModified":"2024-06-08T12:33:23+00:00","breadcrumb":{"@id":"https:\/\/senegalsantemobile.org\/2024\/03\/24\/2015-a-year-of-opportunity\/#breadcrumb"},"inLanguage":"fr-FR","potentialAction":[{"@type":"ReadAction","target":["https:\/\/senegalsantemobile.org\/2024\/03\/24\/2015-a-year-of-opportunity\/"]}]},{"@type":"ImageObject","inLanguage":"fr-FR","@id":"https:\/\/senegalsantemobile.org\/2024\/03\/24\/2015-a-year-of-opportunity\/#primaryimage","url":"https:\/\/senegalsantemobile.org\/wp-content\/uploads\/2024\/03\/pw_1022_news_item1.png","contentUrl":"https:\/\/senegalsantemobile.org\/wp-content\/uploads\/2024\/03\/pw_1022_news_item1.png","width":1200,"height":675},{"@type":"BreadcrumbList","@id":"https:\/\/senegalsantemobile.org\/2024\/03\/24\/2015-a-year-of-opportunity\/#breadcrumb","itemListElement":[{"@type":"ListItem","position":1,"name":"Home","item":"https:\/\/senegalsantemobile.org\/"},{"@type":"ListItem","position":2,"name":"2015 : Une ann\u00e9e d&#8217;opportunit\u00e9"}]},{"@type":"WebSite","@id":"https:\/\/senegalsantemobile.org\/#website","url":"https:\/\/senegalsantemobile.org\/","name":"S\u00e9n\u00e9gal Sant\u00e9 Mobile \ufe31Des Soins Mobiles pour un S\u00e9n\u00e9gal en Meilleure Sant\u00e9","description":"\u00c0 Chaque Coin du S\u00e9n\u00e9gal, La Sant\u00e9 \u00e0 Port\u00e9e de Main","publisher":{"@id":"https:\/\/senegalsantemobile.org\/#organization"},"potentialAction":[{"@type":"SearchAction","target":{"@type":"EntryPoint","urlTemplate":"https:\/\/senegalsantemobile.org\/?s={search_term_string}"},"query-input":{"@type":"PropertyValueSpecification","valueRequired":true,"valueName":"search_term_string"}}],"inLanguage":"fr-FR"},{"@type":"Organization","@id":"https:\/\/senegalsantemobile.org\/#organization","name":"S\u00e9n\u00e9gal Sant\u00e9 Mobile \ufe31Des Soins Mobiles pour un S\u00e9n\u00e9gal en Meilleure Sant\u00e9","url":"https:\/\/senegalsantemobile.org\/","logo":{"@type":"ImageObject","inLanguage":"fr-FR","@id":"https:\/\/senegalsantemobile.org\/#\/schema\/logo\/image\/","url":"https:\/\/senegalsantemobile.org\/wp-content\/uploads\/2020\/08\/logo-sq-1.png","contentUrl":"https:\/\/senegalsantemobile.org\/wp-content\/uploads\/2020\/08\/logo-sq-1.png","width":500,"height":500,"caption":"S\u00e9n\u00e9gal Sant\u00e9 Mobile \ufe31Des Soins Mobiles pour un S\u00e9n\u00e9gal en Meilleure Sant\u00e9"},"image":{"@id":"https:\/\/senegalsantemobile.org\/#\/schema\/logo\/image\/"}},{"@type":"Person","@id":"https:\/\/senegalsantemobile.org\/#\/schema\/person\/7b8c3d0333f10f81e2b3fcdb9c8953fa","name":"Senegal Sante Mobile","image":{"@type":"ImageObject","inLanguage":"fr-FR","@id":"https:\/\/secure.gravatar.com\/avatar\/5cabed6cb91f459134c236f16d771698331572b0acc9c1cbca9aeffb2221ceb5?s=96&d=mm&r=g","url":"https:\/\/secure.gravatar.com\/avatar\/5cabed6cb91f459134c236f16d771698331572b0acc9c1cbca9aeffb2221ceb5?s=96&d=mm&r=g","contentUrl":"https:\/\/secure.gravatar.com\/avatar\/5cabed6cb91f459134c236f16d771698331572b0acc9c1cbca9aeffb2221ceb5?s=96&d=mm&r=g","caption":"Senegal Sante Mobile"},"sameAs":["https:\/\/senegalsantemobile.org"],"url":"https:\/\/senegalsantemobile.org\/fr\/author\/administrateur\/"}]}},"_links":{"self":[{"href":"https:\/\/senegalsantemobile.org\/fr\/wp-json\/wp\/v2\/posts\/2337","targetHints":{"allow":["GET"]}}],"collection":[{"href":"https:\/\/senegalsantemobile.org\/fr\/wp-json\/wp\/v2\/posts"}],"about":[{"href":"https:\/\/senegalsantemobile.org\/fr\/wp-json\/wp\/v2\/types\/post"}],"author":[{"embeddable":true,"href":"https:\/\/senegalsantemobile.org\/fr\/wp-json\/wp\/v2\/users\/1"}],"replies":[{"embeddable":true,"href":"https:\/\/senegalsantemobile.org\/fr\/wp-json\/wp\/v2\/comments?post=2337"}],"version-history":[{"count":2,"href":"https:\/\/senegalsantemobile.org\/fr\/wp-json\/wp\/v2\/posts\/2337\/revisions"}],"predecessor-version":[{"id":8637,"href":"https:\/\/senegalsantemobile.org\/fr\/wp-json\/wp\/v2\/posts\/2337\/revisions\/8637"}],"wp:featuredmedia":[{"embeddable":true,"href":"https:\/\/senegalsantemobile.org\/fr\/wp-json\/wp\/v2\/media\/2371"}],"wp:attachment":[{"href":"https:\/\/senegalsantemobile.org\/fr\/wp-json\/wp\/v2\/media?parent=2337"}],"wp:term":[{"taxonomy":"category","embeddable":true,"href":"https:\/\/senegalsantemobile.org\/fr\/wp-json\/wp\/v2\/categories?post=2337"},{"taxonomy":"post_tag","embeddable":true,"href":"https:\/\/senegalsantemobile.org\/fr\/wp-json\/wp\/v2\/tags?post=2337"}],"curies":[{"name":"wp","href":"https:\/\/api.w.org\/{rel}","templated":true}]}}