{"id":2343,"date":"2024-03-24T06:40:05","date_gmt":"2024-03-24T06:40:05","guid":{"rendered":"https:\/\/senegalsantemobile.org\/?p=1690"},"modified":"2024-06-08T12:27:35","modified_gmt":"2024-06-08T12:27:35","slug":"je-suis-ne-canadien-mais-mon-coeur-appartient-au-senegal","status":"publish","type":"post","link":"https:\/\/senegalsantemobile.org\/fr\/2024\/03\/24\/je-suis-ne-canadien-mais-mon-coeur-appartient-au-senegal\/","title":{"rendered":"\u00ab Je suis n\u00e9 canadien mais mon c\u0153ur appartient au S\u00e9n\u00e9gal ! \u00bb"},"content":{"rendered":"<p>Montr\u00e9al, le 8 octobre 2014 \u2013\u00e9crit par Line Bonneau<\/p>\n<p>Ainsi s\u2019est exprim\u00e9e r\u00e9cemment Shara Rosen, r\u00e9sidente de Notre-Dame-de-Gr\u00e2ce \u00e0 la <a href=\"http:\/\/xalimasn.com\/podcasts\/videos\/a-la-suite-du-deces-dune-fille-de-12-ans-jai-decide-de-minvestir-au-senegal-declare-shara-rosen-presidente-de-la-fondation-senegal-sante-mobile-dans-takoussanou-djolof-avec-mayacine-diop\/\">radio s\u00e9n\u00e9galaise<\/a> pour expliquer son travail b\u00e9n\u00e9vole inlassable comme pr\u00e9sidente de la <a href=\"https:\/\/senegalsantemobile.org\/\">Fondation S\u00e9n\u00e9gal Sant\u00e9 Mobile<\/a> mise sur pied suite au d\u00e9c\u00e8s \u00e9vitable d\u2019une jeune fille de 12 ans, membre de sa famille \u00e9largie.<\/p>\n<p>Shara Rosen, une entrepreneure et consultante dans le domaine du diagnostic m\u00e9dical, \u00e9tait b\u00e9n\u00e9vole aupr\u00e8s de coop\u00e9ratives de femmes au S\u00e9n\u00e9gal d\u00e8s 1997. Mais c\u2019est en 2003, alors qu\u2019une jeune parente est d\u00e9c\u00e9d\u00e9e suite \u00e0 un diagnostic de paludisme bien qu\u2019elle souffrait de fi\u00e8vre jaune, que Mme Rosen s\u2019est sentie interpell\u00e9e. \u00c0 cause de son exp\u00e9rience professionnelle, Shara Rosen savait bien que cette mort \u00e9tait \u00e9vitable. C\u2019est finalement en 2008 qu\u2019un petit groupe de personnes a commenc\u00e9 \u00e0 r\u00e9fl\u00e9chir sur les moyens \u00e0 leur disposition pour apporter leur aide \u00e0 la population s\u00e9n\u00e9galaise, en particulier les filles et les femmes, les m\u00e8res et les nourrissons, dont les besoins en soins de base sont criants. En 2009, la Fondation S\u00e9n\u00e9gal Sant\u00e9 Mobile a vu le jour et les activit\u00e9s ont d\u00e9but\u00e9 l\u2019ann\u00e9e suivante.<\/p>\n<p style=\"text-align: center;\">Depuis, de nombreuses fournitures m\u00e9dicales, m\u00e9dicaments et \u00e9quipements, ont \u00e9t\u00e9 achemin\u00e9s au Poste de Sant\u00e9 de Gorom 1 et \u00e0 la Polyclinique de Rufisque, pr\u00e8s de Dakar, la capitale du S\u00e9n\u00e9gal. Deux vid\u00e9os t\u00e9moignent de ces dons: <iframe src=\"https:\/\/www.youtube.com\/embed\/bPG_z26r-So\" width=\"560\" height=\"315\" frameborder=\"0\" allowfullscreen=\"allowfullscreen\"><\/iframe><\/p>\n<p style=\"text-align: center;\">et <iframe src=\"https:\/\/www.youtube.com\/embed\/yT85URmSSaU\" width=\"560\" height=\"315\" frameborder=\"0\" allowfullscreen=\"allowfullscreen\"><\/iframe><\/p>\n<p>Pour la premi\u00e8re fois cette ann\u00e9e, la Fondation va tenter un partenariat avec Health Partners International afin d\u2019\u00e9quiper des maternit\u00e9s dans des villages moins bien desservis pour 1\u00a0000$ par maternit\u00e9. Au S\u00e9n\u00e9gal, on retrouve un taux de mortalit\u00e9 infantile \u00e9lev\u00e9 et les femmes doivent composer avec des cons\u00e9quences \u00e0 court et long terme parce que leur grossesse n&rsquo;est pas suivie. En rendant accessible des soins pr\u00e9natals et postnatals de qualit\u00e9, la Fondation S\u00e9n\u00e9gal Sant\u00e9 Mobile a un impact direct sur la sant\u00e9, le bien-\u00eatre et la survie des femmes enceintes, des m\u00e8res et des nourrissons au S\u00e9n\u00e9gal.<\/p>\n<p>En 2014, la Fondation S\u00e9n\u00e9gal Sant\u00e9 Mobile est en train de mettre en march\u00e9 des serviettes sanitaires lavables, Serviettes Sant\u00e9Vie\u00ae, une innovation\u00a0mise au point suite \u00e0 des \u00e9tudes aupr\u00e8s d\u2019adolescentes et de femmes. Le manque de produits sains et abordables cause non seulement des probl\u00e8mes de sant\u00e9 comme les infections urinaires mais contribue aussi \u00e0 l\u2019abandon scolaire des filles d\u00e8s l\u2019\u00e2ge de 11 ou 12 ans alors qu\u2019on estime qu\u2019une fille sur dix reste \u00e0 la maison pendant ses r\u00e8gles ou abandonne simplement l\u2019\u00e9cole. Typiquement, les adolescentes de l\u2019Afrique sub-saharienne ratent jusqu\u2019\u00e0 20% de leurs classes. Ce produit, qui est en phase de d\u00e9marrage, est confectionn\u00e9 au S\u00e9n\u00e9gal et le sera bient\u00f4t par une coop\u00e9rative de S\u00e9n\u00e9galaises. Le projet vise \u00e0 faire ses frais et tous les profits seront r\u00e9investis dans les activit\u00e9s de la Fondation pour la sant\u00e9 maternelle. En plus, ce produit r\u00e9utilisable r\u00e9pond \u00e0 un besoin environnemental de r\u00e9duire la quantit\u00e9 de d\u00e9chets.<\/p>\n<p>Lorsque questionn\u00e9e sur sa g\u00e9n\u00e9rosit\u00e9, Shara Rosen mentionne ses parents exceptionnels qui sont son inspiration et lui ont transmis le go\u00fbt de s\u2019impliquer et d\u2019aider les autres. \u00ab\u00a0La Fondation est petite et jeune. Nous avons une quinzaine de b\u00e9n\u00e9voles actifs et un seul coordonnateur pay\u00e9 sur place. Nous savons que les besoins sont grands et nous y allons par \u00e9tape. Mais chaque geste compte pour la sant\u00e9 maternelle et infantile au S\u00e9n\u00e9gal\u00a0\u00bb.<\/p>\n<p>Invit\u00e9e par la radio s\u00e9n\u00e9galaise \u00e9cout\u00e9e par les locaux et la diaspora, Mme Rosen a mentionn\u00e9 le prochain \u00e9v\u00e9nement de lev\u00e9e de fonds pour la sant\u00e9 maternelle, un souper multiculturel avec musique du monde et contes en quatre langues, fran\u00e7ais, wolof, anglais et yiddish, qui se tiendra \u00e0 Montr\u00e9al le 25 octobre \u00e0 18h, \u00e0 l\u2019H\u00f4tel Ruby Foo\u2019s au 7655 boul. D\u00e9carie (m\u00e9tro Namur).<\/p>\n<p>Les tickets sont \u00e0 50$ par personne, 80$ pour deux personnes et 35$ pour les \u00e9tudiants. L\u2019animation est faite par Mariam Sall, Madyou Ndoye, Abby &amp; Mark, Patrick McLaughlin, Bara Mbengue, et Zale Seck. Les r\u00e9servations peuvent \u00eatre faites jusqu\u2019au 20 octobre aupr\u00e8s de la Fondation.<\/p>\n<p>Cet \u00e9v\u00e9nement multiculturel est une excellente occasion d&rsquo;en apprendre davantage sur la sant\u00e9 maternelle et l&rsquo;impact de la Fondation puisque amis et b\u00e9n\u00e9voles de la Fondation S\u00e9n\u00e9gal Sant\u00e9 Mobile seront au rendez-vous!<\/p>\n<p>Le travail de Shara Rosen et de la Fondation S\u00e9n\u00e9gal Sant\u00e9 Mobile, \u00ab\u00a0\u00c7a nous va droit au c\u0153ur\u00a0\u00bb a termin\u00e9 l\u2019animateur radio, Mayacine Diop.<b><i><br \/>\n<\/i><\/b><\/p>\n<p>Contact:\u00a0\u00a0\u00a0\u00a0\u00a0\u00a0\u00a0\u00a0\u00a0 Shara Rosen, President<\/p>\n<p style=\"padding-left: 90px;\">Fondation S\u00e9n\u00e9gal Sant\u00e9 Mobile<\/p>\n<p style=\"padding-left: 90px;\">4100 Benny, #111<\/p>\n<p style=\"padding-left: 90px;\">Montreal, Quebec H4B 2R8<\/p>\n<p style=\"padding-left: 90px;\">514 369 8607, 514 240 9596<\/p>\n<p style=\"padding-left: 90px;\"><a href=\"http:\/\/www.senegalsantemobile\/\">www.senegalsantemobile<\/a>.org<\/p>\n<p style=\"padding-left: 90px;\"><a href=\"mailto:info@senegalsantemobile.org\">info@senegalsantemobile.org<\/a><\/p>\n","protected":false},"excerpt":{"rendered":"<p>Montr\u00e9al, le 8 octobre 2014 \u2013\u00e9crit par Line Bonneau Ainsi s\u2019est exprim\u00e9e r\u00e9cemment Shara Rosen, r\u00e9sidente de Notre-Dame-de-Gr\u00e2ce \u00e0 la radio s\u00e9n\u00e9galaise pour expliquer son travail b\u00e9n\u00e9vole inlassable comme pr\u00e9sidente de la Fondation S\u00e9n\u00e9gal Sant\u00e9 Mobile mise sur pied suite au d\u00e9c\u00e8s \u00e9vitable d\u2019une jeune fille de 12 ans, membre de sa famille \u00e9largie. Shara [&hellip;]<\/p>\n","protected":false},"author":1,"featured_media":2391,"comment_status":"closed","ping_status":"closed","sticky":false,"template":"","format":"standard","meta":{"footnotes":""},"categories":[81,77,76],"tags":[],"class_list":["post-2343","post","type-post","status-publish","format-standard","has-post-thumbnail","hentry","category-campagne","category-charity","category-news"],"yoast_head":"<!-- This site is optimized with the Yoast SEO plugin v27.4 - https:\/\/yoast.com\/product\/yoast-seo-wordpress\/ -->\n<title>\u00ab Je suis n\u00e9 canadien mais mon c\u0153ur appartient au S\u00e9n\u00e9gal ! \u00bb - S\u00e9n\u00e9gal Sant\u00e9 Mobile \ufe31Des Soins Mobiles pour un S\u00e9n\u00e9gal en Meilleure Sant\u00e9<\/title>\n<meta name=\"robots\" content=\"index, follow, max-snippet:-1, max-image-preview:large, max-video-preview:-1\" \/>\n<link rel=\"canonical\" href=\"https:\/\/senegalsantemobile.org\/2024\/03\/24\/i-was-born-a-canadian-but-my-heart-belongs-to-senegal\/\" \/>\n<meta property=\"og:locale\" content=\"fr_FR\" \/>\n<meta property=\"og:type\" content=\"article\" \/>\n<meta property=\"og:title\" content=\"\u00ab Je suis n\u00e9 canadien mais mon c\u0153ur appartient au S\u00e9n\u00e9gal ! \u00bb - S\u00e9n\u00e9gal Sant\u00e9 Mobile \ufe31Des Soins Mobiles pour un S\u00e9n\u00e9gal en Meilleure Sant\u00e9\" \/>\n<meta property=\"og:description\" content=\"Montr\u00e9al, le 8 octobre 2014 \u2013\u00e9crit par Line Bonneau Ainsi s\u2019est exprim\u00e9e r\u00e9cemment Shara Rosen, r\u00e9sidente de Notre-Dame-de-Gr\u00e2ce \u00e0 la radio s\u00e9n\u00e9galaise pour expliquer son travail b\u00e9n\u00e9vole inlassable comme pr\u00e9sidente de la Fondation S\u00e9n\u00e9gal Sant\u00e9 Mobile mise sur pied suite au d\u00e9c\u00e8s \u00e9vitable d\u2019une jeune fille de 12 ans, membre de sa famille \u00e9largie. Shara [&hellip;]\" \/>\n<meta property=\"og:url\" content=\"https:\/\/senegalsantemobile.org\/2024\/03\/24\/i-was-born-a-canadian-but-my-heart-belongs-to-senegal\/\" \/>\n<meta property=\"og:site_name\" content=\"S\u00e9n\u00e9gal Sant\u00e9 Mobile \ufe31Des Soins Mobiles pour un S\u00e9n\u00e9gal en Meilleure Sant\u00e9\" \/>\n<meta property=\"article:published_time\" content=\"2024-03-24T06:40:05+00:00\" \/>\n<meta property=\"article:modified_time\" content=\"2024-06-08T12:27:35+00:00\" \/>\n<meta property=\"og:image\" content=\"https:\/\/senegalsantemobile.org\/wp-content\/uploads\/2024\/03\/10856653_10152503996737172_3258850541340276149_o.jpg\" \/>\n\t<meta property=\"og:image:width\" content=\"2048\" \/>\n\t<meta property=\"og:image:height\" content=\"1151\" \/>\n\t<meta property=\"og:image:type\" content=\"image\/jpeg\" \/>\n<meta name=\"author\" content=\"Senegal Sante Mobile\" \/>\n<meta name=\"twitter:card\" content=\"summary_large_image\" \/>\n<meta name=\"twitter:label1\" content=\"\u00c9crit par\" \/>\n\t<meta name=\"twitter:data1\" content=\"Senegal Sante Mobile\" \/>\n\t<meta name=\"twitter:label2\" content=\"Dur\u00e9e de lecture estim\u00e9e\" \/>\n\t<meta name=\"twitter:data2\" content=\"4 minutes\" \/>\n<script type=\"application\/ld+json\" class=\"yoast-schema-graph\">{\"@context\":\"https:\\\/\\\/schema.org\",\"@graph\":[{\"@type\":\"Article\",\"@id\":\"https:\\\/\\\/senegalsantemobile.org\\\/2024\\\/03\\\/24\\\/i-was-born-a-canadian-but-my-heart-belongs-to-senegal\\\/#article\",\"isPartOf\":{\"@id\":\"https:\\\/\\\/senegalsantemobile.org\\\/2024\\\/03\\\/24\\\/i-was-born-a-canadian-but-my-heart-belongs-to-senegal\\\/\"},\"author\":{\"name\":\"Senegal Sante Mobile\",\"@id\":\"https:\\\/\\\/senegalsantemobile.org\\\/#\\\/schema\\\/person\\\/7b8c3d0333f10f81e2b3fcdb9c8953fa\"},\"headline\":\"\u00ab Je suis n\u00e9 canadien mais mon c\u0153ur appartient au S\u00e9n\u00e9gal ! \u00bb\",\"datePublished\":\"2024-03-24T06:40:05+00:00\",\"dateModified\":\"2024-06-08T12:27:35+00:00\",\"mainEntityOfPage\":{\"@id\":\"https:\\\/\\\/senegalsantemobile.org\\\/2024\\\/03\\\/24\\\/i-was-born-a-canadian-but-my-heart-belongs-to-senegal\\\/\"},\"wordCount\":850,\"publisher\":{\"@id\":\"https:\\\/\\\/senegalsantemobile.org\\\/#organization\"},\"image\":{\"@id\":\"https:\\\/\\\/senegalsantemobile.org\\\/2024\\\/03\\\/24\\\/i-was-born-a-canadian-but-my-heart-belongs-to-senegal\\\/#primaryimage\"},\"thumbnailUrl\":\"https:\\\/\\\/senegalsantemobile.org\\\/wp-content\\\/uploads\\\/2024\\\/03\\\/10856653_10152503996737172_3258850541340276149_o.jpg\",\"articleSection\":[\"Campagne\",\"Charity\",\"Nouvelles\"],\"inLanguage\":\"fr-FR\"},{\"@type\":\"WebPage\",\"@id\":\"https:\\\/\\\/senegalsantemobile.org\\\/2024\\\/03\\\/24\\\/i-was-born-a-canadian-but-my-heart-belongs-to-senegal\\\/\",\"url\":\"https:\\\/\\\/senegalsantemobile.org\\\/2024\\\/03\\\/24\\\/i-was-born-a-canadian-but-my-heart-belongs-to-senegal\\\/\",\"name\":\"\u00ab Je suis n\u00e9 canadien mais mon c\u0153ur appartient au S\u00e9n\u00e9gal ! \u00bb - S\u00e9n\u00e9gal Sant\u00e9 Mobile \ufe31Des Soins Mobiles pour un S\u00e9n\u00e9gal en Meilleure Sant\u00e9\",\"isPartOf\":{\"@id\":\"https:\\\/\\\/senegalsantemobile.org\\\/#website\"},\"primaryImageOfPage\":{\"@id\":\"https:\\\/\\\/senegalsantemobile.org\\\/2024\\\/03\\\/24\\\/i-was-born-a-canadian-but-my-heart-belongs-to-senegal\\\/#primaryimage\"},\"image\":{\"@id\":\"https:\\\/\\\/senegalsantemobile.org\\\/2024\\\/03\\\/24\\\/i-was-born-a-canadian-but-my-heart-belongs-to-senegal\\\/#primaryimage\"},\"thumbnailUrl\":\"https:\\\/\\\/senegalsantemobile.org\\\/wp-content\\\/uploads\\\/2024\\\/03\\\/10856653_10152503996737172_3258850541340276149_o.jpg\",\"datePublished\":\"2024-03-24T06:40:05+00:00\",\"dateModified\":\"2024-06-08T12:27:35+00:00\",\"breadcrumb\":{\"@id\":\"https:\\\/\\\/senegalsantemobile.org\\\/2024\\\/03\\\/24\\\/i-was-born-a-canadian-but-my-heart-belongs-to-senegal\\\/#breadcrumb\"},\"inLanguage\":\"fr-FR\",\"potentialAction\":[{\"@type\":\"ReadAction\",\"target\":[\"https:\\\/\\\/senegalsantemobile.org\\\/2024\\\/03\\\/24\\\/i-was-born-a-canadian-but-my-heart-belongs-to-senegal\\\/\"]}]},{\"@type\":\"ImageObject\",\"inLanguage\":\"fr-FR\",\"@id\":\"https:\\\/\\\/senegalsantemobile.org\\\/2024\\\/03\\\/24\\\/i-was-born-a-canadian-but-my-heart-belongs-to-senegal\\\/#primaryimage\",\"url\":\"https:\\\/\\\/senegalsantemobile.org\\\/wp-content\\\/uploads\\\/2024\\\/03\\\/10856653_10152503996737172_3258850541340276149_o.jpg\",\"contentUrl\":\"https:\\\/\\\/senegalsantemobile.org\\\/wp-content\\\/uploads\\\/2024\\\/03\\\/10856653_10152503996737172_3258850541340276149_o.jpg\",\"width\":2048,\"height\":1151},{\"@type\":\"BreadcrumbList\",\"@id\":\"https:\\\/\\\/senegalsantemobile.org\\\/2024\\\/03\\\/24\\\/i-was-born-a-canadian-but-my-heart-belongs-to-senegal\\\/#breadcrumb\",\"itemListElement\":[{\"@type\":\"ListItem\",\"position\":1,\"name\":\"Home\",\"item\":\"https:\\\/\\\/senegalsantemobile.org\\\/\"},{\"@type\":\"ListItem\",\"position\":2,\"name\":\"\u00ab Je suis n\u00e9 canadien mais mon c\u0153ur appartient au S\u00e9n\u00e9gal ! \u00bb\"}]},{\"@type\":\"WebSite\",\"@id\":\"https:\\\/\\\/senegalsantemobile.org\\\/#website\",\"url\":\"https:\\\/\\\/senegalsantemobile.org\\\/\",\"name\":\"S\u00e9n\u00e9gal Sant\u00e9 Mobile \ufe31Des Soins Mobiles pour un S\u00e9n\u00e9gal en Meilleure Sant\u00e9\",\"description\":\"\u00c0 Chaque Coin du S\u00e9n\u00e9gal, La Sant\u00e9 \u00e0 Port\u00e9e de Main\",\"publisher\":{\"@id\":\"https:\\\/\\\/senegalsantemobile.org\\\/#organization\"},\"potentialAction\":[{\"@type\":\"SearchAction\",\"target\":{\"@type\":\"EntryPoint\",\"urlTemplate\":\"https:\\\/\\\/senegalsantemobile.org\\\/?s={search_term_string}\"},\"query-input\":{\"@type\":\"PropertyValueSpecification\",\"valueRequired\":true,\"valueName\":\"search_term_string\"}}],\"inLanguage\":\"fr-FR\"},{\"@type\":\"Organization\",\"@id\":\"https:\\\/\\\/senegalsantemobile.org\\\/#organization\",\"name\":\"S\u00e9n\u00e9gal Sant\u00e9 Mobile \ufe31Des Soins Mobiles pour un S\u00e9n\u00e9gal en Meilleure Sant\u00e9\",\"url\":\"https:\\\/\\\/senegalsantemobile.org\\\/\",\"logo\":{\"@type\":\"ImageObject\",\"inLanguage\":\"fr-FR\",\"@id\":\"https:\\\/\\\/senegalsantemobile.org\\\/#\\\/schema\\\/logo\\\/image\\\/\",\"url\":\"https:\\\/\\\/senegalsantemobile.org\\\/wp-content\\\/uploads\\\/2020\\\/08\\\/logo-sq-1.png\",\"contentUrl\":\"https:\\\/\\\/senegalsantemobile.org\\\/wp-content\\\/uploads\\\/2020\\\/08\\\/logo-sq-1.png\",\"width\":500,\"height\":500,\"caption\":\"S\u00e9n\u00e9gal Sant\u00e9 Mobile \ufe31Des Soins Mobiles pour un S\u00e9n\u00e9gal en Meilleure Sant\u00e9\"},\"image\":{\"@id\":\"https:\\\/\\\/senegalsantemobile.org\\\/#\\\/schema\\\/logo\\\/image\\\/\"}},{\"@type\":\"Person\",\"@id\":\"https:\\\/\\\/senegalsantemobile.org\\\/#\\\/schema\\\/person\\\/7b8c3d0333f10f81e2b3fcdb9c8953fa\",\"name\":\"Senegal Sante Mobile\",\"image\":{\"@type\":\"ImageObject\",\"inLanguage\":\"fr-FR\",\"@id\":\"https:\\\/\\\/secure.gravatar.com\\\/avatar\\\/5cabed6cb91f459134c236f16d771698331572b0acc9c1cbca9aeffb2221ceb5?s=96&d=mm&r=g\",\"url\":\"https:\\\/\\\/secure.gravatar.com\\\/avatar\\\/5cabed6cb91f459134c236f16d771698331572b0acc9c1cbca9aeffb2221ceb5?s=96&d=mm&r=g\",\"contentUrl\":\"https:\\\/\\\/secure.gravatar.com\\\/avatar\\\/5cabed6cb91f459134c236f16d771698331572b0acc9c1cbca9aeffb2221ceb5?s=96&d=mm&r=g\",\"caption\":\"Senegal Sante Mobile\"},\"sameAs\":[\"https:\\\/\\\/senegalsantemobile.org\"],\"url\":\"https:\\\/\\\/senegalsantemobile.org\\\/fr\\\/author\\\/administrateur\\\/\"}]}<\/script>\n<!-- \/ Yoast SEO plugin. -->","yoast_head_json":{"title":"\u00ab Je suis n\u00e9 canadien mais mon c\u0153ur appartient au S\u00e9n\u00e9gal ! \u00bb - S\u00e9n\u00e9gal Sant\u00e9 Mobile \ufe31Des Soins Mobiles pour un S\u00e9n\u00e9gal en Meilleure Sant\u00e9","robots":{"index":"index","follow":"follow","max-snippet":"max-snippet:-1","max-image-preview":"max-image-preview:large","max-video-preview":"max-video-preview:-1"},"canonical":"https:\/\/senegalsantemobile.org\/2024\/03\/24\/i-was-born-a-canadian-but-my-heart-belongs-to-senegal\/","og_locale":"fr_FR","og_type":"article","og_title":"\u00ab Je suis n\u00e9 canadien mais mon c\u0153ur appartient au S\u00e9n\u00e9gal ! \u00bb - S\u00e9n\u00e9gal Sant\u00e9 Mobile \ufe31Des Soins Mobiles pour un S\u00e9n\u00e9gal en Meilleure Sant\u00e9","og_description":"Montr\u00e9al, le 8 octobre 2014 \u2013\u00e9crit par Line Bonneau Ainsi s\u2019est exprim\u00e9e r\u00e9cemment Shara Rosen, r\u00e9sidente de Notre-Dame-de-Gr\u00e2ce \u00e0 la radio s\u00e9n\u00e9galaise pour expliquer son travail b\u00e9n\u00e9vole inlassable comme pr\u00e9sidente de la Fondation S\u00e9n\u00e9gal Sant\u00e9 Mobile mise sur pied suite au d\u00e9c\u00e8s \u00e9vitable d\u2019une jeune fille de 12 ans, membre de sa famille \u00e9largie. Shara [&hellip;]","og_url":"https:\/\/senegalsantemobile.org\/2024\/03\/24\/i-was-born-a-canadian-but-my-heart-belongs-to-senegal\/","og_site_name":"S\u00e9n\u00e9gal Sant\u00e9 Mobile \ufe31Des Soins Mobiles pour un S\u00e9n\u00e9gal en Meilleure Sant\u00e9","article_published_time":"2024-03-24T06:40:05+00:00","article_modified_time":"2024-06-08T12:27:35+00:00","og_image":[{"width":2048,"height":1151,"url":"https:\/\/senegalsantemobile.org\/wp-content\/uploads\/2024\/03\/10856653_10152503996737172_3258850541340276149_o.jpg","type":"image\/jpeg"}],"author":"Senegal Sante Mobile","twitter_card":"summary_large_image","twitter_misc":{"\u00c9crit par":"Senegal Sante Mobile","Dur\u00e9e de lecture estim\u00e9e":"4 minutes"},"schema":{"@context":"https:\/\/schema.org","@graph":[{"@type":"Article","@id":"https:\/\/senegalsantemobile.org\/2024\/03\/24\/i-was-born-a-canadian-but-my-heart-belongs-to-senegal\/#article","isPartOf":{"@id":"https:\/\/senegalsantemobile.org\/2024\/03\/24\/i-was-born-a-canadian-but-my-heart-belongs-to-senegal\/"},"author":{"name":"Senegal Sante Mobile","@id":"https:\/\/senegalsantemobile.org\/#\/schema\/person\/7b8c3d0333f10f81e2b3fcdb9c8953fa"},"headline":"\u00ab Je suis n\u00e9 canadien mais mon c\u0153ur appartient au S\u00e9n\u00e9gal ! \u00bb","datePublished":"2024-03-24T06:40:05+00:00","dateModified":"2024-06-08T12:27:35+00:00","mainEntityOfPage":{"@id":"https:\/\/senegalsantemobile.org\/2024\/03\/24\/i-was-born-a-canadian-but-my-heart-belongs-to-senegal\/"},"wordCount":850,"publisher":{"@id":"https:\/\/senegalsantemobile.org\/#organization"},"image":{"@id":"https:\/\/senegalsantemobile.org\/2024\/03\/24\/i-was-born-a-canadian-but-my-heart-belongs-to-senegal\/#primaryimage"},"thumbnailUrl":"https:\/\/senegalsantemobile.org\/wp-content\/uploads\/2024\/03\/10856653_10152503996737172_3258850541340276149_o.jpg","articleSection":["Campagne","Charity","Nouvelles"],"inLanguage":"fr-FR"},{"@type":"WebPage","@id":"https:\/\/senegalsantemobile.org\/2024\/03\/24\/i-was-born-a-canadian-but-my-heart-belongs-to-senegal\/","url":"https:\/\/senegalsantemobile.org\/2024\/03\/24\/i-was-born-a-canadian-but-my-heart-belongs-to-senegal\/","name":"\u00ab Je suis n\u00e9 canadien mais mon c\u0153ur appartient au S\u00e9n\u00e9gal ! \u00bb - S\u00e9n\u00e9gal Sant\u00e9 Mobile \ufe31Des Soins Mobiles pour un S\u00e9n\u00e9gal en Meilleure Sant\u00e9","isPartOf":{"@id":"https:\/\/senegalsantemobile.org\/#website"},"primaryImageOfPage":{"@id":"https:\/\/senegalsantemobile.org\/2024\/03\/24\/i-was-born-a-canadian-but-my-heart-belongs-to-senegal\/#primaryimage"},"image":{"@id":"https:\/\/senegalsantemobile.org\/2024\/03\/24\/i-was-born-a-canadian-but-my-heart-belongs-to-senegal\/#primaryimage"},"thumbnailUrl":"https:\/\/senegalsantemobile.org\/wp-content\/uploads\/2024\/03\/10856653_10152503996737172_3258850541340276149_o.jpg","datePublished":"2024-03-24T06:40:05+00:00","dateModified":"2024-06-08T12:27:35+00:00","breadcrumb":{"@id":"https:\/\/senegalsantemobile.org\/2024\/03\/24\/i-was-born-a-canadian-but-my-heart-belongs-to-senegal\/#breadcrumb"},"inLanguage":"fr-FR","potentialAction":[{"@type":"ReadAction","target":["https:\/\/senegalsantemobile.org\/2024\/03\/24\/i-was-born-a-canadian-but-my-heart-belongs-to-senegal\/"]}]},{"@type":"ImageObject","inLanguage":"fr-FR","@id":"https:\/\/senegalsantemobile.org\/2024\/03\/24\/i-was-born-a-canadian-but-my-heart-belongs-to-senegal\/#primaryimage","url":"https:\/\/senegalsantemobile.org\/wp-content\/uploads\/2024\/03\/10856653_10152503996737172_3258850541340276149_o.jpg","contentUrl":"https:\/\/senegalsantemobile.org\/wp-content\/uploads\/2024\/03\/10856653_10152503996737172_3258850541340276149_o.jpg","width":2048,"height":1151},{"@type":"BreadcrumbList","@id":"https:\/\/senegalsantemobile.org\/2024\/03\/24\/i-was-born-a-canadian-but-my-heart-belongs-to-senegal\/#breadcrumb","itemListElement":[{"@type":"ListItem","position":1,"name":"Home","item":"https:\/\/senegalsantemobile.org\/"},{"@type":"ListItem","position":2,"name":"\u00ab Je suis n\u00e9 canadien mais mon c\u0153ur appartient au S\u00e9n\u00e9gal ! \u00bb"}]},{"@type":"WebSite","@id":"https:\/\/senegalsantemobile.org\/#website","url":"https:\/\/senegalsantemobile.org\/","name":"S\u00e9n\u00e9gal Sant\u00e9 Mobile \ufe31Des Soins Mobiles pour un S\u00e9n\u00e9gal en Meilleure Sant\u00e9","description":"\u00c0 Chaque Coin du S\u00e9n\u00e9gal, La Sant\u00e9 \u00e0 Port\u00e9e de Main","publisher":{"@id":"https:\/\/senegalsantemobile.org\/#organization"},"potentialAction":[{"@type":"SearchAction","target":{"@type":"EntryPoint","urlTemplate":"https:\/\/senegalsantemobile.org\/?s={search_term_string}"},"query-input":{"@type":"PropertyValueSpecification","valueRequired":true,"valueName":"search_term_string"}}],"inLanguage":"fr-FR"},{"@type":"Organization","@id":"https:\/\/senegalsantemobile.org\/#organization","name":"S\u00e9n\u00e9gal Sant\u00e9 Mobile \ufe31Des Soins Mobiles pour un S\u00e9n\u00e9gal en Meilleure Sant\u00e9","url":"https:\/\/senegalsantemobile.org\/","logo":{"@type":"ImageObject","inLanguage":"fr-FR","@id":"https:\/\/senegalsantemobile.org\/#\/schema\/logo\/image\/","url":"https:\/\/senegalsantemobile.org\/wp-content\/uploads\/2020\/08\/logo-sq-1.png","contentUrl":"https:\/\/senegalsantemobile.org\/wp-content\/uploads\/2020\/08\/logo-sq-1.png","width":500,"height":500,"caption":"S\u00e9n\u00e9gal Sant\u00e9 Mobile \ufe31Des Soins Mobiles pour un S\u00e9n\u00e9gal en Meilleure Sant\u00e9"},"image":{"@id":"https:\/\/senegalsantemobile.org\/#\/schema\/logo\/image\/"}},{"@type":"Person","@id":"https:\/\/senegalsantemobile.org\/#\/schema\/person\/7b8c3d0333f10f81e2b3fcdb9c8953fa","name":"Senegal Sante Mobile","image":{"@type":"ImageObject","inLanguage":"fr-FR","@id":"https:\/\/secure.gravatar.com\/avatar\/5cabed6cb91f459134c236f16d771698331572b0acc9c1cbca9aeffb2221ceb5?s=96&d=mm&r=g","url":"https:\/\/secure.gravatar.com\/avatar\/5cabed6cb91f459134c236f16d771698331572b0acc9c1cbca9aeffb2221ceb5?s=96&d=mm&r=g","contentUrl":"https:\/\/secure.gravatar.com\/avatar\/5cabed6cb91f459134c236f16d771698331572b0acc9c1cbca9aeffb2221ceb5?s=96&d=mm&r=g","caption":"Senegal Sante Mobile"},"sameAs":["https:\/\/senegalsantemobile.org"],"url":"https:\/\/senegalsantemobile.org\/fr\/author\/administrateur\/"}]}},"_links":{"self":[{"href":"https:\/\/senegalsantemobile.org\/fr\/wp-json\/wp\/v2\/posts\/2343","targetHints":{"allow":["GET"]}}],"collection":[{"href":"https:\/\/senegalsantemobile.org\/fr\/wp-json\/wp\/v2\/posts"}],"about":[{"href":"https:\/\/senegalsantemobile.org\/fr\/wp-json\/wp\/v2\/types\/post"}],"author":[{"embeddable":true,"href":"https:\/\/senegalsantemobile.org\/fr\/wp-json\/wp\/v2\/users\/1"}],"replies":[{"embeddable":true,"href":"https:\/\/senegalsantemobile.org\/fr\/wp-json\/wp\/v2\/comments?post=2343"}],"version-history":[{"count":2,"href":"https:\/\/senegalsantemobile.org\/fr\/wp-json\/wp\/v2\/posts\/2343\/revisions"}],"predecessor-version":[{"id":8618,"href":"https:\/\/senegalsantemobile.org\/fr\/wp-json\/wp\/v2\/posts\/2343\/revisions\/8618"}],"wp:featuredmedia":[{"embeddable":true,"href":"https:\/\/senegalsantemobile.org\/fr\/wp-json\/wp\/v2\/media\/2391"}],"wp:attachment":[{"href":"https:\/\/senegalsantemobile.org\/fr\/wp-json\/wp\/v2\/media?parent=2343"}],"wp:term":[{"taxonomy":"category","embeddable":true,"href":"https:\/\/senegalsantemobile.org\/fr\/wp-json\/wp\/v2\/categories?post=2343"},{"taxonomy":"post_tag","embeddable":true,"href":"https:\/\/senegalsantemobile.org\/fr\/wp-json\/wp\/v2\/tags?post=2343"}],"curies":[{"name":"wp","href":"https:\/\/api.w.org\/{rel}","templated":true}]}}