{"id":235,"date":"2024-03-24T06:39:32","date_gmt":"2024-03-24T06:39:32","guid":{"rendered":"https:\/\/bearsthemes.com\/themes\/alone-health\/?p=235"},"modified":"2024-06-08T12:23:16","modified_gmt":"2024-06-08T12:23:16","slug":"multicultural-dinner-deuxieme-edition","status":"publish","type":"post","link":"https:\/\/senegalsantemobile.org\/fr\/2024\/03\/24\/multicultural-dinner-deuxieme-edition\/","title":{"rendered":"D\u00eener multiculturel 2\u00e9me \u00e9dition"},"content":{"rendered":"<p>Le 9 novembre 2013, plus de 80 personnes ont particip\u00e9 au souper multiculturel de la Fondation pour soutenir les soins de la m\u00e8re et de l&rsquo;enfant au S\u00e9n\u00e9gal. Les invit\u00e9s ont pris plaisir a \u00e9couter\u00a0 une histoire du Burkina Faso racont\u00e9e par l&rsquo;expert conteuse Christine Mayr. Abby et Mark nous ont\u00a0 charm\u00e9 avec des chansons en yiddish et en h\u00e9breu.<\/p>\n<p><img fetchpriority=\"high\" decoding=\"async\" class=\" wp-image-1620 aligncenter\" src=\"https:\/\/senegalsantemobile.org\/wp-content\/uploads\/2017\/07\/christine1-1024x768.jpeg\" alt=\"\" width=\"700\" height=\"525\" \/><\/p>\n<p>Le troubadour S\u00e9n\u00e9galais Oumar Ndiaye Xosluman nous a\u00a0 fait r\u00eaver a travers de la narration traditionnelle avec la musique et l&rsquo;humour.<\/p>\n<p><img decoding=\"async\" class=\" wp-image-1621 aligncenter\" src=\"https:\/\/senegalsantemobile.org\/wp-content\/uploads\/2017\/07\/omar-21-1024x768.jpeg\" alt=\"\" width=\"718\" height=\"539\" \/><\/p>\n<p>La soir\u00e9e s&rsquo;est termin\u00e9e avec des invit\u00e9s dansant sur la musique de Zale Seck et le tambour.<\/p>\n<p><img decoding=\"async\" class=\"wp-image-1622 aligncenter\" src=\"https:\/\/senegalsantemobile.org\/wp-content\/uploads\/2017\/07\/zale-21-1024x768.jpeg\" alt=\"\" width=\"713\" height=\"535\" \/><\/p>\n<p>Shara Rosen, Fatoumata Diakhat\u00e9 (\u00e0 gauche) et Aissatou Diakhat\u00e9 (\u00e0 droite) attirent les gagnants de la tombola. Amara Seydi, pr\u00e9sident du Regroupement G\u00e9n\u00e9ral des S\u00e9n\u00e9galais du Canada porte le chapeau Canadien de Montr\u00e9al qu&rsquo;il a gagn\u00e9.<\/p>\n<p>&nbsp;<\/p>\n<p>Merci \u00e0 vous tous qui ont fait de cette soir\u00e9e un grand succ\u00e8s.<\/p>\n<p>Tombola = tombola<\/p>\n","protected":false},"excerpt":{"rendered":"<p>Le 9 novembre 2013, plus de 80 personnes ont particip\u00e9 au souper multiculturel de la Fondation pour soutenir les soins de la m\u00e8re et de l&rsquo;enfant au S\u00e9n\u00e9gal. Les invit\u00e9s ont pris plaisir a \u00e9couter\u00a0 une histoire du Burkina Faso racont\u00e9e par l&rsquo;expert conteuse Christine Mayr. Abby et Mark nous ont\u00a0 charm\u00e9 avec des chansons [&hellip;]<\/p>\n","protected":false},"author":1,"featured_media":2406,"comment_status":"closed","ping_status":"closed","sticky":false,"template":"","format":"standard","meta":{"footnotes":""},"categories":[77,76],"tags":[73,74,75],"class_list":["post-235","post","type-post","status-publish","format-standard","has-post-thumbnail","hentry","category-charity","category-news","tag-charity","tag-education","tag-enviroment"],"yoast_head":"<!-- This site is optimized with the Yoast SEO plugin v27.4 - https:\/\/yoast.com\/product\/yoast-seo-wordpress\/ -->\n<title>D\u00eener multiculturel 2\u00e9me \u00e9dition - S\u00e9n\u00e9gal Sant\u00e9 Mobile \ufe31Des Soins Mobiles pour un S\u00e9n\u00e9gal en Meilleure Sant\u00e9<\/title>\n<meta name=\"robots\" content=\"index, follow, max-snippet:-1, max-image-preview:large, max-video-preview:-1\" \/>\n<link rel=\"canonical\" href=\"https:\/\/senegalsantemobile.org\/2024\/03\/24\/multicultural-dinner-second-edition\/\" \/>\n<meta property=\"og:locale\" content=\"fr_FR\" \/>\n<meta property=\"og:type\" content=\"article\" \/>\n<meta property=\"og:title\" content=\"D\u00eener multiculturel 2\u00e9me \u00e9dition - S\u00e9n\u00e9gal Sant\u00e9 Mobile \ufe31Des Soins Mobiles pour un S\u00e9n\u00e9gal en Meilleure Sant\u00e9\" \/>\n<meta property=\"og:description\" content=\"Le 9 novembre 2013, plus de 80 personnes ont particip\u00e9 au souper multiculturel de la Fondation pour soutenir les soins de la m\u00e8re et de l&rsquo;enfant au S\u00e9n\u00e9gal. Les invit\u00e9s ont pris plaisir a \u00e9couter\u00a0 une histoire du Burkina Faso racont\u00e9e par l&rsquo;expert conteuse Christine Mayr. Abby et Mark nous ont\u00a0 charm\u00e9 avec des chansons [&hellip;]\" \/>\n<meta property=\"og:url\" content=\"https:\/\/senegalsantemobile.org\/2024\/03\/24\/multicultural-dinner-second-edition\/\" \/>\n<meta property=\"og:site_name\" content=\"S\u00e9n\u00e9gal Sant\u00e9 Mobile \ufe31Des Soins Mobiles pour un S\u00e9n\u00e9gal en Meilleure Sant\u00e9\" \/>\n<meta property=\"article:published_time\" content=\"2024-03-24T06:39:32+00:00\" \/>\n<meta property=\"article:modified_time\" content=\"2024-06-08T12:23:16+00:00\" \/>\n<meta property=\"og:image\" content=\"https:\/\/senegalsantemobile.org\/wp-content\/uploads\/2024\/03\/amara-win1-1024x768-1.jpeg\" \/>\n\t<meta property=\"og:image:width\" content=\"1024\" \/>\n\t<meta property=\"og:image:height\" content=\"768\" \/>\n\t<meta property=\"og:image:type\" content=\"image\/jpeg\" \/>\n<meta name=\"author\" content=\"Senegal Sante Mobile\" \/>\n<meta name=\"twitter:card\" content=\"summary_large_image\" \/>\n<meta name=\"twitter:label1\" content=\"\u00c9crit par\" \/>\n\t<meta name=\"twitter:data1\" content=\"Senegal Sante Mobile\" \/>\n\t<meta name=\"twitter:label2\" content=\"Dur\u00e9e de lecture estim\u00e9e\" \/>\n\t<meta name=\"twitter:data2\" content=\"2 minutes\" \/>\n<script type=\"application\/ld+json\" class=\"yoast-schema-graph\">{\"@context\":\"https:\\\/\\\/schema.org\",\"@graph\":[{\"@type\":\"Article\",\"@id\":\"https:\\\/\\\/senegalsantemobile.org\\\/2024\\\/03\\\/24\\\/multicultural-dinner-second-edition\\\/#article\",\"isPartOf\":{\"@id\":\"https:\\\/\\\/senegalsantemobile.org\\\/2024\\\/03\\\/24\\\/multicultural-dinner-second-edition\\\/\"},\"author\":{\"name\":\"Senegal Sante Mobile\",\"@id\":\"https:\\\/\\\/senegalsantemobile.org\\\/#\\\/schema\\\/person\\\/7b8c3d0333f10f81e2b3fcdb9c8953fa\"},\"headline\":\"D\u00eener multiculturel 2\u00e9me \u00e9dition\",\"datePublished\":\"2024-03-24T06:39:32+00:00\",\"dateModified\":\"2024-06-08T12:23:16+00:00\",\"mainEntityOfPage\":{\"@id\":\"https:\\\/\\\/senegalsantemobile.org\\\/2024\\\/03\\\/24\\\/multicultural-dinner-second-edition\\\/\"},\"wordCount\":174,\"publisher\":{\"@id\":\"https:\\\/\\\/senegalsantemobile.org\\\/#organization\"},\"image\":{\"@id\":\"https:\\\/\\\/senegalsantemobile.org\\\/2024\\\/03\\\/24\\\/multicultural-dinner-second-edition\\\/#primaryimage\"},\"thumbnailUrl\":\"https:\\\/\\\/senegalsantemobile.org\\\/wp-content\\\/uploads\\\/2024\\\/03\\\/amara-win1-1024x768-1.jpeg\",\"keywords\":[\"Charity\",\"Education\",\"Enviroment\"],\"articleSection\":[\"Charity\",\"Nouvelles\"],\"inLanguage\":\"fr-FR\"},{\"@type\":\"WebPage\",\"@id\":\"https:\\\/\\\/senegalsantemobile.org\\\/2024\\\/03\\\/24\\\/multicultural-dinner-second-edition\\\/\",\"url\":\"https:\\\/\\\/senegalsantemobile.org\\\/2024\\\/03\\\/24\\\/multicultural-dinner-second-edition\\\/\",\"name\":\"D\u00eener multiculturel 2\u00e9me \u00e9dition - S\u00e9n\u00e9gal Sant\u00e9 Mobile \ufe31Des Soins Mobiles pour un S\u00e9n\u00e9gal en Meilleure Sant\u00e9\",\"isPartOf\":{\"@id\":\"https:\\\/\\\/senegalsantemobile.org\\\/#website\"},\"primaryImageOfPage\":{\"@id\":\"https:\\\/\\\/senegalsantemobile.org\\\/2024\\\/03\\\/24\\\/multicultural-dinner-second-edition\\\/#primaryimage\"},\"image\":{\"@id\":\"https:\\\/\\\/senegalsantemobile.org\\\/2024\\\/03\\\/24\\\/multicultural-dinner-second-edition\\\/#primaryimage\"},\"thumbnailUrl\":\"https:\\\/\\\/senegalsantemobile.org\\\/wp-content\\\/uploads\\\/2024\\\/03\\\/amara-win1-1024x768-1.jpeg\",\"datePublished\":\"2024-03-24T06:39:32+00:00\",\"dateModified\":\"2024-06-08T12:23:16+00:00\",\"breadcrumb\":{\"@id\":\"https:\\\/\\\/senegalsantemobile.org\\\/2024\\\/03\\\/24\\\/multicultural-dinner-second-edition\\\/#breadcrumb\"},\"inLanguage\":\"fr-FR\",\"potentialAction\":[{\"@type\":\"ReadAction\",\"target\":[\"https:\\\/\\\/senegalsantemobile.org\\\/2024\\\/03\\\/24\\\/multicultural-dinner-second-edition\\\/\"]}]},{\"@type\":\"ImageObject\",\"inLanguage\":\"fr-FR\",\"@id\":\"https:\\\/\\\/senegalsantemobile.org\\\/2024\\\/03\\\/24\\\/multicultural-dinner-second-edition\\\/#primaryimage\",\"url\":\"https:\\\/\\\/senegalsantemobile.org\\\/wp-content\\\/uploads\\\/2024\\\/03\\\/amara-win1-1024x768-1.jpeg\",\"contentUrl\":\"https:\\\/\\\/senegalsantemobile.org\\\/wp-content\\\/uploads\\\/2024\\\/03\\\/amara-win1-1024x768-1.jpeg\",\"width\":1024,\"height\":768},{\"@type\":\"BreadcrumbList\",\"@id\":\"https:\\\/\\\/senegalsantemobile.org\\\/2024\\\/03\\\/24\\\/multicultural-dinner-second-edition\\\/#breadcrumb\",\"itemListElement\":[{\"@type\":\"ListItem\",\"position\":1,\"name\":\"Home\",\"item\":\"https:\\\/\\\/senegalsantemobile.org\\\/\"},{\"@type\":\"ListItem\",\"position\":2,\"name\":\"D\u00eener multiculturel 2\u00e9me \u00e9dition\"}]},{\"@type\":\"WebSite\",\"@id\":\"https:\\\/\\\/senegalsantemobile.org\\\/#website\",\"url\":\"https:\\\/\\\/senegalsantemobile.org\\\/\",\"name\":\"S\u00e9n\u00e9gal Sant\u00e9 Mobile \ufe31Des Soins Mobiles pour un S\u00e9n\u00e9gal en Meilleure Sant\u00e9\",\"description\":\"\u00c0 Chaque Coin du S\u00e9n\u00e9gal, La Sant\u00e9 \u00e0 Port\u00e9e de Main\",\"publisher\":{\"@id\":\"https:\\\/\\\/senegalsantemobile.org\\\/#organization\"},\"potentialAction\":[{\"@type\":\"SearchAction\",\"target\":{\"@type\":\"EntryPoint\",\"urlTemplate\":\"https:\\\/\\\/senegalsantemobile.org\\\/?s={search_term_string}\"},\"query-input\":{\"@type\":\"PropertyValueSpecification\",\"valueRequired\":true,\"valueName\":\"search_term_string\"}}],\"inLanguage\":\"fr-FR\"},{\"@type\":\"Organization\",\"@id\":\"https:\\\/\\\/senegalsantemobile.org\\\/#organization\",\"name\":\"S\u00e9n\u00e9gal Sant\u00e9 Mobile \ufe31Des Soins Mobiles pour un S\u00e9n\u00e9gal en Meilleure Sant\u00e9\",\"url\":\"https:\\\/\\\/senegalsantemobile.org\\\/\",\"logo\":{\"@type\":\"ImageObject\",\"inLanguage\":\"fr-FR\",\"@id\":\"https:\\\/\\\/senegalsantemobile.org\\\/#\\\/schema\\\/logo\\\/image\\\/\",\"url\":\"https:\\\/\\\/senegalsantemobile.org\\\/wp-content\\\/uploads\\\/2020\\\/08\\\/logo-sq-1.png\",\"contentUrl\":\"https:\\\/\\\/senegalsantemobile.org\\\/wp-content\\\/uploads\\\/2020\\\/08\\\/logo-sq-1.png\",\"width\":500,\"height\":500,\"caption\":\"S\u00e9n\u00e9gal Sant\u00e9 Mobile \ufe31Des Soins Mobiles pour un S\u00e9n\u00e9gal en Meilleure Sant\u00e9\"},\"image\":{\"@id\":\"https:\\\/\\\/senegalsantemobile.org\\\/#\\\/schema\\\/logo\\\/image\\\/\"}},{\"@type\":\"Person\",\"@id\":\"https:\\\/\\\/senegalsantemobile.org\\\/#\\\/schema\\\/person\\\/7b8c3d0333f10f81e2b3fcdb9c8953fa\",\"name\":\"Senegal Sante Mobile\",\"image\":{\"@type\":\"ImageObject\",\"inLanguage\":\"fr-FR\",\"@id\":\"https:\\\/\\\/secure.gravatar.com\\\/avatar\\\/5cabed6cb91f459134c236f16d771698331572b0acc9c1cbca9aeffb2221ceb5?s=96&d=mm&r=g\",\"url\":\"https:\\\/\\\/secure.gravatar.com\\\/avatar\\\/5cabed6cb91f459134c236f16d771698331572b0acc9c1cbca9aeffb2221ceb5?s=96&d=mm&r=g\",\"contentUrl\":\"https:\\\/\\\/secure.gravatar.com\\\/avatar\\\/5cabed6cb91f459134c236f16d771698331572b0acc9c1cbca9aeffb2221ceb5?s=96&d=mm&r=g\",\"caption\":\"Senegal Sante Mobile\"},\"sameAs\":[\"https:\\\/\\\/senegalsantemobile.org\"],\"url\":\"https:\\\/\\\/senegalsantemobile.org\\\/fr\\\/author\\\/administrateur\\\/\"}]}<\/script>\n<!-- \/ Yoast SEO plugin. -->","yoast_head_json":{"title":"D\u00eener multiculturel 2\u00e9me \u00e9dition - S\u00e9n\u00e9gal Sant\u00e9 Mobile \ufe31Des Soins Mobiles pour un S\u00e9n\u00e9gal en Meilleure Sant\u00e9","robots":{"index":"index","follow":"follow","max-snippet":"max-snippet:-1","max-image-preview":"max-image-preview:large","max-video-preview":"max-video-preview:-1"},"canonical":"https:\/\/senegalsantemobile.org\/2024\/03\/24\/multicultural-dinner-second-edition\/","og_locale":"fr_FR","og_type":"article","og_title":"D\u00eener multiculturel 2\u00e9me \u00e9dition - S\u00e9n\u00e9gal Sant\u00e9 Mobile \ufe31Des Soins Mobiles pour un S\u00e9n\u00e9gal en Meilleure Sant\u00e9","og_description":"Le 9 novembre 2013, plus de 80 personnes ont particip\u00e9 au souper multiculturel de la Fondation pour soutenir les soins de la m\u00e8re et de l&rsquo;enfant au S\u00e9n\u00e9gal. Les invit\u00e9s ont pris plaisir a \u00e9couter\u00a0 une histoire du Burkina Faso racont\u00e9e par l&rsquo;expert conteuse Christine Mayr. Abby et Mark nous ont\u00a0 charm\u00e9 avec des chansons [&hellip;]","og_url":"https:\/\/senegalsantemobile.org\/2024\/03\/24\/multicultural-dinner-second-edition\/","og_site_name":"S\u00e9n\u00e9gal Sant\u00e9 Mobile \ufe31Des Soins Mobiles pour un S\u00e9n\u00e9gal en Meilleure Sant\u00e9","article_published_time":"2024-03-24T06:39:32+00:00","article_modified_time":"2024-06-08T12:23:16+00:00","og_image":[{"width":1024,"height":768,"url":"https:\/\/senegalsantemobile.org\/wp-content\/uploads\/2024\/03\/amara-win1-1024x768-1.jpeg","type":"image\/jpeg"}],"author":"Senegal Sante Mobile","twitter_card":"summary_large_image","twitter_misc":{"\u00c9crit par":"Senegal Sante Mobile","Dur\u00e9e de lecture estim\u00e9e":"2 minutes"},"schema":{"@context":"https:\/\/schema.org","@graph":[{"@type":"Article","@id":"https:\/\/senegalsantemobile.org\/2024\/03\/24\/multicultural-dinner-second-edition\/#article","isPartOf":{"@id":"https:\/\/senegalsantemobile.org\/2024\/03\/24\/multicultural-dinner-second-edition\/"},"author":{"name":"Senegal Sante Mobile","@id":"https:\/\/senegalsantemobile.org\/#\/schema\/person\/7b8c3d0333f10f81e2b3fcdb9c8953fa"},"headline":"D\u00eener multiculturel 2\u00e9me \u00e9dition","datePublished":"2024-03-24T06:39:32+00:00","dateModified":"2024-06-08T12:23:16+00:00","mainEntityOfPage":{"@id":"https:\/\/senegalsantemobile.org\/2024\/03\/24\/multicultural-dinner-second-edition\/"},"wordCount":174,"publisher":{"@id":"https:\/\/senegalsantemobile.org\/#organization"},"image":{"@id":"https:\/\/senegalsantemobile.org\/2024\/03\/24\/multicultural-dinner-second-edition\/#primaryimage"},"thumbnailUrl":"https:\/\/senegalsantemobile.org\/wp-content\/uploads\/2024\/03\/amara-win1-1024x768-1.jpeg","keywords":["Charity","Education","Enviroment"],"articleSection":["Charity","Nouvelles"],"inLanguage":"fr-FR"},{"@type":"WebPage","@id":"https:\/\/senegalsantemobile.org\/2024\/03\/24\/multicultural-dinner-second-edition\/","url":"https:\/\/senegalsantemobile.org\/2024\/03\/24\/multicultural-dinner-second-edition\/","name":"D\u00eener multiculturel 2\u00e9me \u00e9dition - S\u00e9n\u00e9gal Sant\u00e9 Mobile \ufe31Des Soins Mobiles pour un S\u00e9n\u00e9gal en Meilleure Sant\u00e9","isPartOf":{"@id":"https:\/\/senegalsantemobile.org\/#website"},"primaryImageOfPage":{"@id":"https:\/\/senegalsantemobile.org\/2024\/03\/24\/multicultural-dinner-second-edition\/#primaryimage"},"image":{"@id":"https:\/\/senegalsantemobile.org\/2024\/03\/24\/multicultural-dinner-second-edition\/#primaryimage"},"thumbnailUrl":"https:\/\/senegalsantemobile.org\/wp-content\/uploads\/2024\/03\/amara-win1-1024x768-1.jpeg","datePublished":"2024-03-24T06:39:32+00:00","dateModified":"2024-06-08T12:23:16+00:00","breadcrumb":{"@id":"https:\/\/senegalsantemobile.org\/2024\/03\/24\/multicultural-dinner-second-edition\/#breadcrumb"},"inLanguage":"fr-FR","potentialAction":[{"@type":"ReadAction","target":["https:\/\/senegalsantemobile.org\/2024\/03\/24\/multicultural-dinner-second-edition\/"]}]},{"@type":"ImageObject","inLanguage":"fr-FR","@id":"https:\/\/senegalsantemobile.org\/2024\/03\/24\/multicultural-dinner-second-edition\/#primaryimage","url":"https:\/\/senegalsantemobile.org\/wp-content\/uploads\/2024\/03\/amara-win1-1024x768-1.jpeg","contentUrl":"https:\/\/senegalsantemobile.org\/wp-content\/uploads\/2024\/03\/amara-win1-1024x768-1.jpeg","width":1024,"height":768},{"@type":"BreadcrumbList","@id":"https:\/\/senegalsantemobile.org\/2024\/03\/24\/multicultural-dinner-second-edition\/#breadcrumb","itemListElement":[{"@type":"ListItem","position":1,"name":"Home","item":"https:\/\/senegalsantemobile.org\/"},{"@type":"ListItem","position":2,"name":"D\u00eener multiculturel 2\u00e9me \u00e9dition"}]},{"@type":"WebSite","@id":"https:\/\/senegalsantemobile.org\/#website","url":"https:\/\/senegalsantemobile.org\/","name":"S\u00e9n\u00e9gal Sant\u00e9 Mobile \ufe31Des Soins Mobiles pour un S\u00e9n\u00e9gal en Meilleure Sant\u00e9","description":"\u00c0 Chaque Coin du S\u00e9n\u00e9gal, La Sant\u00e9 \u00e0 Port\u00e9e de Main","publisher":{"@id":"https:\/\/senegalsantemobile.org\/#organization"},"potentialAction":[{"@type":"SearchAction","target":{"@type":"EntryPoint","urlTemplate":"https:\/\/senegalsantemobile.org\/?s={search_term_string}"},"query-input":{"@type":"PropertyValueSpecification","valueRequired":true,"valueName":"search_term_string"}}],"inLanguage":"fr-FR"},{"@type":"Organization","@id":"https:\/\/senegalsantemobile.org\/#organization","name":"S\u00e9n\u00e9gal Sant\u00e9 Mobile \ufe31Des Soins Mobiles pour un S\u00e9n\u00e9gal en Meilleure Sant\u00e9","url":"https:\/\/senegalsantemobile.org\/","logo":{"@type":"ImageObject","inLanguage":"fr-FR","@id":"https:\/\/senegalsantemobile.org\/#\/schema\/logo\/image\/","url":"https:\/\/senegalsantemobile.org\/wp-content\/uploads\/2020\/08\/logo-sq-1.png","contentUrl":"https:\/\/senegalsantemobile.org\/wp-content\/uploads\/2020\/08\/logo-sq-1.png","width":500,"height":500,"caption":"S\u00e9n\u00e9gal Sant\u00e9 Mobile \ufe31Des Soins Mobiles pour un S\u00e9n\u00e9gal en Meilleure Sant\u00e9"},"image":{"@id":"https:\/\/senegalsantemobile.org\/#\/schema\/logo\/image\/"}},{"@type":"Person","@id":"https:\/\/senegalsantemobile.org\/#\/schema\/person\/7b8c3d0333f10f81e2b3fcdb9c8953fa","name":"Senegal Sante Mobile","image":{"@type":"ImageObject","inLanguage":"fr-FR","@id":"https:\/\/secure.gravatar.com\/avatar\/5cabed6cb91f459134c236f16d771698331572b0acc9c1cbca9aeffb2221ceb5?s=96&d=mm&r=g","url":"https:\/\/secure.gravatar.com\/avatar\/5cabed6cb91f459134c236f16d771698331572b0acc9c1cbca9aeffb2221ceb5?s=96&d=mm&r=g","contentUrl":"https:\/\/secure.gravatar.com\/avatar\/5cabed6cb91f459134c236f16d771698331572b0acc9c1cbca9aeffb2221ceb5?s=96&d=mm&r=g","caption":"Senegal Sante Mobile"},"sameAs":["https:\/\/senegalsantemobile.org"],"url":"https:\/\/senegalsantemobile.org\/fr\/author\/administrateur\/"}]}},"_links":{"self":[{"href":"https:\/\/senegalsantemobile.org\/fr\/wp-json\/wp\/v2\/posts\/235","targetHints":{"allow":["GET"]}}],"collection":[{"href":"https:\/\/senegalsantemobile.org\/fr\/wp-json\/wp\/v2\/posts"}],"about":[{"href":"https:\/\/senegalsantemobile.org\/fr\/wp-json\/wp\/v2\/types\/post"}],"author":[{"embeddable":true,"href":"https:\/\/senegalsantemobile.org\/fr\/wp-json\/wp\/v2\/users\/1"}],"replies":[{"embeddable":true,"href":"https:\/\/senegalsantemobile.org\/fr\/wp-json\/wp\/v2\/comments?post=235"}],"version-history":[{"count":2,"href":"https:\/\/senegalsantemobile.org\/fr\/wp-json\/wp\/v2\/posts\/235\/revisions"}],"predecessor-version":[{"id":8610,"href":"https:\/\/senegalsantemobile.org\/fr\/wp-json\/wp\/v2\/posts\/235\/revisions\/8610"}],"wp:featuredmedia":[{"embeddable":true,"href":"https:\/\/senegalsantemobile.org\/fr\/wp-json\/wp\/v2\/media\/2406"}],"wp:attachment":[{"href":"https:\/\/senegalsantemobile.org\/fr\/wp-json\/wp\/v2\/media?parent=235"}],"wp:term":[{"taxonomy":"category","embeddable":true,"href":"https:\/\/senegalsantemobile.org\/fr\/wp-json\/wp\/v2\/categories?post=235"},{"taxonomy":"post_tag","embeddable":true,"href":"https:\/\/senegalsantemobile.org\/fr\/wp-json\/wp\/v2\/tags?post=235"}],"curies":[{"name":"wp","href":"https:\/\/api.w.org\/{rel}","templated":true}]}}