{"id":8639,"date":"2024-06-08T12:35:58","date_gmt":"2024-06-08T12:35:58","guid":{"rendered":"https:\/\/dev.senegalsantemobile.org\/?p=8639"},"modified":"2024-06-08T12:35:58","modified_gmt":"2024-06-08T12:35:58","slug":"programme-de-transport-des-malades","status":"publish","type":"post","link":"https:\/\/senegalsantemobile.org\/fr\/2024\/06\/08\/programme-de-transport-des-malades\/","title":{"rendered":"Programme de Transport des malades"},"content":{"rendered":"<div class=\"xdj266r x11i5rnm xat24cr x1mh8g0r x1vvkbs x126k92a\">\n<div dir=\"auto\">Programme de transport des malades<\/div>\n<\/div>\n<div class=\"x11i5rnm xat24cr x1mh8g0r x1vvkbs xtlvy1s x126k92a\">\n<div dir=\"auto\">La Fondation S\u00e9n\u00e9gal Sant\u00e9 Mobile, bas\u00e9e \u00e0 Montr\u00e9al, Qu\u00e9bec, Canada a le plaisir de vous annoncer son programme \u00ab\u00a0Transport des malades\u00a0\u00bb. Ce programme vise \u00e0 am\u00e9liorer l&rsquo;acc\u00e8s aux soins de sant\u00e9 de base pour les populations des zones recul\u00e9es, o\u00f9 les infrastructures m\u00e9dicales sont souvent limit\u00e9es. Les ambulances tricycles joueront un r\u00f4le crucial dans le transport s\u00fbr et efficace des patients vers les centres de sant\u00e9 les plus proches, contribuant ainsi \u00e0 sauver des vies.<\/div>\n<div dir=\"auto\"><\/div>\n<\/div>\n<div class=\"x11i5rnm xat24cr x1mh8g0r x1vvkbs xtlvy1s x126k92a\">\n<div dir=\"auto\"><img fetchpriority=\"high\" decoding=\"async\" class=\"size-medium wp-image-8640 alignleft\" src=\"https:\/\/senegalsantemobile.org\/wp-content\/uploads\/2024\/06\/439343922_834093705415479_4782451234991466966_n-264x300.jpg\" alt=\"\" width=\"264\" height=\"300\" srcset=\"https:\/\/senegalsantemobile.org\/wp-content\/uploads\/2024\/06\/439343922_834093705415479_4782451234991466966_n-264x300.jpg 264w, https:\/\/senegalsantemobile.org\/wp-content\/uploads\/2024\/06\/439343922_834093705415479_4782451234991466966_n-902x1024.jpg 902w, https:\/\/senegalsantemobile.org\/wp-content\/uploads\/2024\/06\/439343922_834093705415479_4782451234991466966_n-768x872.jpg 768w, https:\/\/senegalsantemobile.org\/wp-content\/uploads\/2024\/06\/439343922_834093705415479_4782451234991466966_n.jpg 1170w\" sizes=\"(max-width: 264px) 100vw, 264px\" \/>En effet, le 24 avril 2024, la Fondation a fait un don de 5 ambulances tricycles \u00e9quip\u00e9es d&rsquo;un concentrateur d&rsquo;oxyg\u00e8ne \u00e0 5 postes de sant\u00e9 r\u00e9partis dans les r\u00e9gions de Diourbel, Fatick, Kaolack, Kolda et Podor.<\/div>\n<div dir=\"auto\"><\/div>\n<div dir=\"auto\">En 2024, nous avons enfin r\u00e9alis\u00e9 notre r\u00eave initial avec le don de ces ambulances. Gr\u00e2ce \u00e0 vos dons, nous allons pouvoir continuer de fournir d\u2019autres localit\u00e9s et \u00e0 couvrir toutes les r\u00e9gions du S\u00e9n\u00e9gal Inchallah <span class=\"html-span xexx8yu x4uap5 x18d9i69 xkhd6sd x1hl2dhg x16tdsg8 x1vvkbs x3nfvp2 x1j61x8r x1fcty0u xdj266r xat24cr xgzva0m xhhsvwb xxymvpz xlup9mm x1kky2od\"><img decoding=\"async\" class=\"xz74otr\" src=\"https:\/\/static.xx.fbcdn.net\/images\/emoji.php\/v9\/t64\/1\/16\/1f91d.png\" alt=\"\ud83e\udd1d\" width=\"16\" height=\"16\" \/><\/span><\/div>\n<\/div>\n","protected":false},"excerpt":{"rendered":"<p>Programme de transport des malades La Fondation S\u00e9n\u00e9gal Sant\u00e9 Mobile, bas\u00e9e \u00e0 Montr\u00e9al, Qu\u00e9bec, Canada a le plaisir de vous annoncer son programme \u00ab\u00a0Transport des malades\u00a0\u00bb. Ce programme vise \u00e0 am\u00e9liorer l&rsquo;acc\u00e8s aux soins de sant\u00e9 de base pour les populations des zones recul\u00e9es, o\u00f9 les infrastructures m\u00e9dicales sont souvent limit\u00e9es. Les ambulances tricycles joueront [&hellip;]<\/p>\n","protected":false},"author":1,"featured_media":8642,"comment_status":"closed","ping_status":"closed","sticky":false,"template":"","format":"standard","meta":{"footnotes":""},"categories":[76],"tags":[],"class_list":["post-8639","post","type-post","status-publish","format-standard","has-post-thumbnail","hentry","category-news"],"yoast_head":"<!-- This site is optimized with the Yoast SEO plugin v27.4 - https:\/\/yoast.com\/product\/yoast-seo-wordpress\/ -->\n<title>Programme de Transport des malades - S\u00e9n\u00e9gal Sant\u00e9 Mobile \ufe31Des Soins Mobiles pour un S\u00e9n\u00e9gal en Meilleure Sant\u00e9<\/title>\n<meta name=\"robots\" content=\"index, follow, max-snippet:-1, max-image-preview:large, max-video-preview:-1\" \/>\n<link rel=\"canonical\" href=\"https:\/\/senegalsantemobile.org\/2024\/06\/08\/patient-transport-program\/\" \/>\n<meta property=\"og:locale\" content=\"fr_FR\" \/>\n<meta property=\"og:type\" content=\"article\" \/>\n<meta property=\"og:title\" content=\"Programme de Transport des malades - S\u00e9n\u00e9gal Sant\u00e9 Mobile \ufe31Des Soins Mobiles pour un S\u00e9n\u00e9gal en Meilleure Sant\u00e9\" \/>\n<meta property=\"og:description\" content=\"Programme de transport des malades La Fondation S\u00e9n\u00e9gal Sant\u00e9 Mobile, bas\u00e9e \u00e0 Montr\u00e9al, Qu\u00e9bec, Canada a le plaisir de vous annoncer son programme \u00ab\u00a0Transport des malades\u00a0\u00bb. Ce programme vise \u00e0 am\u00e9liorer l&rsquo;acc\u00e8s aux soins de sant\u00e9 de base pour les populations des zones recul\u00e9es, o\u00f9 les infrastructures m\u00e9dicales sont souvent limit\u00e9es. Les ambulances tricycles joueront [&hellip;]\" \/>\n<meta property=\"og:url\" content=\"https:\/\/senegalsantemobile.org\/2024\/06\/08\/patient-transport-program\/\" \/>\n<meta property=\"og:site_name\" content=\"S\u00e9n\u00e9gal Sant\u00e9 Mobile \ufe31Des Soins Mobiles pour un S\u00e9n\u00e9gal en Meilleure Sant\u00e9\" \/>\n<meta property=\"article:published_time\" content=\"2024-06-08T12:35:58+00:00\" \/>\n<meta property=\"og:image\" content=\"https:\/\/senegalsantemobile.org\/wp-content\/uploads\/2024\/06\/438058338_833867245438125_3921824300419230958_n.jpg\" \/>\n\t<meta property=\"og:image:width\" content=\"1280\" \/>\n\t<meta property=\"og:image:height\" content=\"960\" \/>\n\t<meta property=\"og:image:type\" content=\"image\/jpeg\" \/>\n<meta name=\"author\" content=\"Senegal Sante Mobile\" \/>\n<meta name=\"twitter:card\" content=\"summary_large_image\" \/>\n<meta name=\"twitter:label1\" content=\"\u00c9crit par\" \/>\n\t<meta name=\"twitter:data1\" content=\"Senegal Sante Mobile\" \/>\n\t<meta name=\"twitter:label2\" content=\"Dur\u00e9e de lecture estim\u00e9e\" \/>\n\t<meta name=\"twitter:data2\" content=\"1 minute\" \/>\n<script type=\"application\/ld+json\" class=\"yoast-schema-graph\">{\"@context\":\"https:\\\/\\\/schema.org\",\"@graph\":[{\"@type\":\"Article\",\"@id\":\"https:\\\/\\\/senegalsantemobile.org\\\/2024\\\/06\\\/08\\\/patient-transport-program\\\/#article\",\"isPartOf\":{\"@id\":\"https:\\\/\\\/senegalsantemobile.org\\\/2024\\\/06\\\/08\\\/patient-transport-program\\\/\"},\"author\":{\"name\":\"Senegal Sante Mobile\",\"@id\":\"https:\\\/\\\/senegalsantemobile.org\\\/#\\\/schema\\\/person\\\/7b8c3d0333f10f81e2b3fcdb9c8953fa\"},\"headline\":\"Programme de Transport des malades\",\"datePublished\":\"2024-06-08T12:35:58+00:00\",\"mainEntityOfPage\":{\"@id\":\"https:\\\/\\\/senegalsantemobile.org\\\/2024\\\/06\\\/08\\\/patient-transport-program\\\/\"},\"wordCount\":173,\"publisher\":{\"@id\":\"https:\\\/\\\/senegalsantemobile.org\\\/#organization\"},\"image\":{\"@id\":\"https:\\\/\\\/senegalsantemobile.org\\\/2024\\\/06\\\/08\\\/patient-transport-program\\\/#primaryimage\"},\"thumbnailUrl\":\"https:\\\/\\\/senegalsantemobile.org\\\/wp-content\\\/uploads\\\/2024\\\/06\\\/438058338_833867245438125_3921824300419230958_n.jpg\",\"articleSection\":[\"Nouvelles\"],\"inLanguage\":\"fr-FR\"},{\"@type\":\"WebPage\",\"@id\":\"https:\\\/\\\/senegalsantemobile.org\\\/2024\\\/06\\\/08\\\/patient-transport-program\\\/\",\"url\":\"https:\\\/\\\/senegalsantemobile.org\\\/2024\\\/06\\\/08\\\/patient-transport-program\\\/\",\"name\":\"Programme de Transport des malades - S\u00e9n\u00e9gal Sant\u00e9 Mobile \ufe31Des Soins Mobiles pour un S\u00e9n\u00e9gal en Meilleure Sant\u00e9\",\"isPartOf\":{\"@id\":\"https:\\\/\\\/senegalsantemobile.org\\\/#website\"},\"primaryImageOfPage\":{\"@id\":\"https:\\\/\\\/senegalsantemobile.org\\\/2024\\\/06\\\/08\\\/patient-transport-program\\\/#primaryimage\"},\"image\":{\"@id\":\"https:\\\/\\\/senegalsantemobile.org\\\/2024\\\/06\\\/08\\\/patient-transport-program\\\/#primaryimage\"},\"thumbnailUrl\":\"https:\\\/\\\/senegalsantemobile.org\\\/wp-content\\\/uploads\\\/2024\\\/06\\\/438058338_833867245438125_3921824300419230958_n.jpg\",\"datePublished\":\"2024-06-08T12:35:58+00:00\",\"breadcrumb\":{\"@id\":\"https:\\\/\\\/senegalsantemobile.org\\\/2024\\\/06\\\/08\\\/patient-transport-program\\\/#breadcrumb\"},\"inLanguage\":\"fr-FR\",\"potentialAction\":[{\"@type\":\"ReadAction\",\"target\":[\"https:\\\/\\\/senegalsantemobile.org\\\/2024\\\/06\\\/08\\\/patient-transport-program\\\/\"]}]},{\"@type\":\"ImageObject\",\"inLanguage\":\"fr-FR\",\"@id\":\"https:\\\/\\\/senegalsantemobile.org\\\/2024\\\/06\\\/08\\\/patient-transport-program\\\/#primaryimage\",\"url\":\"https:\\\/\\\/senegalsantemobile.org\\\/wp-content\\\/uploads\\\/2024\\\/06\\\/438058338_833867245438125_3921824300419230958_n.jpg\",\"contentUrl\":\"https:\\\/\\\/senegalsantemobile.org\\\/wp-content\\\/uploads\\\/2024\\\/06\\\/438058338_833867245438125_3921824300419230958_n.jpg\",\"width\":1280,\"height\":960},{\"@type\":\"BreadcrumbList\",\"@id\":\"https:\\\/\\\/senegalsantemobile.org\\\/2024\\\/06\\\/08\\\/patient-transport-program\\\/#breadcrumb\",\"itemListElement\":[{\"@type\":\"ListItem\",\"position\":1,\"name\":\"Home\",\"item\":\"https:\\\/\\\/senegalsantemobile.org\\\/\"},{\"@type\":\"ListItem\",\"position\":2,\"name\":\"Programme de Transport des malades\"}]},{\"@type\":\"WebSite\",\"@id\":\"https:\\\/\\\/senegalsantemobile.org\\\/#website\",\"url\":\"https:\\\/\\\/senegalsantemobile.org\\\/\",\"name\":\"S\u00e9n\u00e9gal Sant\u00e9 Mobile \ufe31Des Soins Mobiles pour un S\u00e9n\u00e9gal en Meilleure Sant\u00e9\",\"description\":\"\u00c0 Chaque Coin du S\u00e9n\u00e9gal, La Sant\u00e9 \u00e0 Port\u00e9e de Main\",\"publisher\":{\"@id\":\"https:\\\/\\\/senegalsantemobile.org\\\/#organization\"},\"potentialAction\":[{\"@type\":\"SearchAction\",\"target\":{\"@type\":\"EntryPoint\",\"urlTemplate\":\"https:\\\/\\\/senegalsantemobile.org\\\/?s={search_term_string}\"},\"query-input\":{\"@type\":\"PropertyValueSpecification\",\"valueRequired\":true,\"valueName\":\"search_term_string\"}}],\"inLanguage\":\"fr-FR\"},{\"@type\":\"Organization\",\"@id\":\"https:\\\/\\\/senegalsantemobile.org\\\/#organization\",\"name\":\"S\u00e9n\u00e9gal Sant\u00e9 Mobile \ufe31Des Soins Mobiles pour un S\u00e9n\u00e9gal en Meilleure Sant\u00e9\",\"url\":\"https:\\\/\\\/senegalsantemobile.org\\\/\",\"logo\":{\"@type\":\"ImageObject\",\"inLanguage\":\"fr-FR\",\"@id\":\"https:\\\/\\\/senegalsantemobile.org\\\/#\\\/schema\\\/logo\\\/image\\\/\",\"url\":\"https:\\\/\\\/senegalsantemobile.org\\\/wp-content\\\/uploads\\\/2020\\\/08\\\/logo-sq-1.png\",\"contentUrl\":\"https:\\\/\\\/senegalsantemobile.org\\\/wp-content\\\/uploads\\\/2020\\\/08\\\/logo-sq-1.png\",\"width\":500,\"height\":500,\"caption\":\"S\u00e9n\u00e9gal Sant\u00e9 Mobile \ufe31Des Soins Mobiles pour un S\u00e9n\u00e9gal en Meilleure Sant\u00e9\"},\"image\":{\"@id\":\"https:\\\/\\\/senegalsantemobile.org\\\/#\\\/schema\\\/logo\\\/image\\\/\"}},{\"@type\":\"Person\",\"@id\":\"https:\\\/\\\/senegalsantemobile.org\\\/#\\\/schema\\\/person\\\/7b8c3d0333f10f81e2b3fcdb9c8953fa\",\"name\":\"Senegal Sante Mobile\",\"image\":{\"@type\":\"ImageObject\",\"inLanguage\":\"fr-FR\",\"@id\":\"https:\\\/\\\/secure.gravatar.com\\\/avatar\\\/5cabed6cb91f459134c236f16d771698331572b0acc9c1cbca9aeffb2221ceb5?s=96&d=mm&r=g\",\"url\":\"https:\\\/\\\/secure.gravatar.com\\\/avatar\\\/5cabed6cb91f459134c236f16d771698331572b0acc9c1cbca9aeffb2221ceb5?s=96&d=mm&r=g\",\"contentUrl\":\"https:\\\/\\\/secure.gravatar.com\\\/avatar\\\/5cabed6cb91f459134c236f16d771698331572b0acc9c1cbca9aeffb2221ceb5?s=96&d=mm&r=g\",\"caption\":\"Senegal Sante Mobile\"},\"sameAs\":[\"https:\\\/\\\/senegalsantemobile.org\"],\"url\":\"https:\\\/\\\/senegalsantemobile.org\\\/fr\\\/author\\\/administrateur\\\/\"}]}<\/script>\n<!-- \/ Yoast SEO plugin. -->","yoast_head_json":{"title":"Programme de Transport des malades - S\u00e9n\u00e9gal Sant\u00e9 Mobile \ufe31Des Soins Mobiles pour un S\u00e9n\u00e9gal en Meilleure Sant\u00e9","robots":{"index":"index","follow":"follow","max-snippet":"max-snippet:-1","max-image-preview":"max-image-preview:large","max-video-preview":"max-video-preview:-1"},"canonical":"https:\/\/senegalsantemobile.org\/2024\/06\/08\/patient-transport-program\/","og_locale":"fr_FR","og_type":"article","og_title":"Programme de Transport des malades - S\u00e9n\u00e9gal Sant\u00e9 Mobile \ufe31Des Soins Mobiles pour un S\u00e9n\u00e9gal en Meilleure Sant\u00e9","og_description":"Programme de transport des malades La Fondation S\u00e9n\u00e9gal Sant\u00e9 Mobile, bas\u00e9e \u00e0 Montr\u00e9al, Qu\u00e9bec, Canada a le plaisir de vous annoncer son programme \u00ab\u00a0Transport des malades\u00a0\u00bb. Ce programme vise \u00e0 am\u00e9liorer l&rsquo;acc\u00e8s aux soins de sant\u00e9 de base pour les populations des zones recul\u00e9es, o\u00f9 les infrastructures m\u00e9dicales sont souvent limit\u00e9es. Les ambulances tricycles joueront [&hellip;]","og_url":"https:\/\/senegalsantemobile.org\/2024\/06\/08\/patient-transport-program\/","og_site_name":"S\u00e9n\u00e9gal Sant\u00e9 Mobile \ufe31Des Soins Mobiles pour un S\u00e9n\u00e9gal en Meilleure Sant\u00e9","article_published_time":"2024-06-08T12:35:58+00:00","og_image":[{"width":1280,"height":960,"url":"https:\/\/senegalsantemobile.org\/wp-content\/uploads\/2024\/06\/438058338_833867245438125_3921824300419230958_n.jpg","type":"image\/jpeg"}],"author":"Senegal Sante Mobile","twitter_card":"summary_large_image","twitter_misc":{"\u00c9crit par":"Senegal Sante Mobile","Dur\u00e9e de lecture estim\u00e9e":"1 minute"},"schema":{"@context":"https:\/\/schema.org","@graph":[{"@type":"Article","@id":"https:\/\/senegalsantemobile.org\/2024\/06\/08\/patient-transport-program\/#article","isPartOf":{"@id":"https:\/\/senegalsantemobile.org\/2024\/06\/08\/patient-transport-program\/"},"author":{"name":"Senegal Sante Mobile","@id":"https:\/\/senegalsantemobile.org\/#\/schema\/person\/7b8c3d0333f10f81e2b3fcdb9c8953fa"},"headline":"Programme de Transport des malades","datePublished":"2024-06-08T12:35:58+00:00","mainEntityOfPage":{"@id":"https:\/\/senegalsantemobile.org\/2024\/06\/08\/patient-transport-program\/"},"wordCount":173,"publisher":{"@id":"https:\/\/senegalsantemobile.org\/#organization"},"image":{"@id":"https:\/\/senegalsantemobile.org\/2024\/06\/08\/patient-transport-program\/#primaryimage"},"thumbnailUrl":"https:\/\/senegalsantemobile.org\/wp-content\/uploads\/2024\/06\/438058338_833867245438125_3921824300419230958_n.jpg","articleSection":["Nouvelles"],"inLanguage":"fr-FR"},{"@type":"WebPage","@id":"https:\/\/senegalsantemobile.org\/2024\/06\/08\/patient-transport-program\/","url":"https:\/\/senegalsantemobile.org\/2024\/06\/08\/patient-transport-program\/","name":"Programme de Transport des malades - S\u00e9n\u00e9gal Sant\u00e9 Mobile \ufe31Des Soins Mobiles pour un S\u00e9n\u00e9gal en Meilleure Sant\u00e9","isPartOf":{"@id":"https:\/\/senegalsantemobile.org\/#website"},"primaryImageOfPage":{"@id":"https:\/\/senegalsantemobile.org\/2024\/06\/08\/patient-transport-program\/#primaryimage"},"image":{"@id":"https:\/\/senegalsantemobile.org\/2024\/06\/08\/patient-transport-program\/#primaryimage"},"thumbnailUrl":"https:\/\/senegalsantemobile.org\/wp-content\/uploads\/2024\/06\/438058338_833867245438125_3921824300419230958_n.jpg","datePublished":"2024-06-08T12:35:58+00:00","breadcrumb":{"@id":"https:\/\/senegalsantemobile.org\/2024\/06\/08\/patient-transport-program\/#breadcrumb"},"inLanguage":"fr-FR","potentialAction":[{"@type":"ReadAction","target":["https:\/\/senegalsantemobile.org\/2024\/06\/08\/patient-transport-program\/"]}]},{"@type":"ImageObject","inLanguage":"fr-FR","@id":"https:\/\/senegalsantemobile.org\/2024\/06\/08\/patient-transport-program\/#primaryimage","url":"https:\/\/senegalsantemobile.org\/wp-content\/uploads\/2024\/06\/438058338_833867245438125_3921824300419230958_n.jpg","contentUrl":"https:\/\/senegalsantemobile.org\/wp-content\/uploads\/2024\/06\/438058338_833867245438125_3921824300419230958_n.jpg","width":1280,"height":960},{"@type":"BreadcrumbList","@id":"https:\/\/senegalsantemobile.org\/2024\/06\/08\/patient-transport-program\/#breadcrumb","itemListElement":[{"@type":"ListItem","position":1,"name":"Home","item":"https:\/\/senegalsantemobile.org\/"},{"@type":"ListItem","position":2,"name":"Programme de Transport des malades"}]},{"@type":"WebSite","@id":"https:\/\/senegalsantemobile.org\/#website","url":"https:\/\/senegalsantemobile.org\/","name":"S\u00e9n\u00e9gal Sant\u00e9 Mobile \ufe31Des Soins Mobiles pour un S\u00e9n\u00e9gal en Meilleure Sant\u00e9","description":"\u00c0 Chaque Coin du S\u00e9n\u00e9gal, La Sant\u00e9 \u00e0 Port\u00e9e de Main","publisher":{"@id":"https:\/\/senegalsantemobile.org\/#organization"},"potentialAction":[{"@type":"SearchAction","target":{"@type":"EntryPoint","urlTemplate":"https:\/\/senegalsantemobile.org\/?s={search_term_string}"},"query-input":{"@type":"PropertyValueSpecification","valueRequired":true,"valueName":"search_term_string"}}],"inLanguage":"fr-FR"},{"@type":"Organization","@id":"https:\/\/senegalsantemobile.org\/#organization","name":"S\u00e9n\u00e9gal Sant\u00e9 Mobile \ufe31Des Soins Mobiles pour un S\u00e9n\u00e9gal en Meilleure Sant\u00e9","url":"https:\/\/senegalsantemobile.org\/","logo":{"@type":"ImageObject","inLanguage":"fr-FR","@id":"https:\/\/senegalsantemobile.org\/#\/schema\/logo\/image\/","url":"https:\/\/senegalsantemobile.org\/wp-content\/uploads\/2020\/08\/logo-sq-1.png","contentUrl":"https:\/\/senegalsantemobile.org\/wp-content\/uploads\/2020\/08\/logo-sq-1.png","width":500,"height":500,"caption":"S\u00e9n\u00e9gal Sant\u00e9 Mobile \ufe31Des Soins Mobiles pour un S\u00e9n\u00e9gal en Meilleure Sant\u00e9"},"image":{"@id":"https:\/\/senegalsantemobile.org\/#\/schema\/logo\/image\/"}},{"@type":"Person","@id":"https:\/\/senegalsantemobile.org\/#\/schema\/person\/7b8c3d0333f10f81e2b3fcdb9c8953fa","name":"Senegal Sante Mobile","image":{"@type":"ImageObject","inLanguage":"fr-FR","@id":"https:\/\/secure.gravatar.com\/avatar\/5cabed6cb91f459134c236f16d771698331572b0acc9c1cbca9aeffb2221ceb5?s=96&d=mm&r=g","url":"https:\/\/secure.gravatar.com\/avatar\/5cabed6cb91f459134c236f16d771698331572b0acc9c1cbca9aeffb2221ceb5?s=96&d=mm&r=g","contentUrl":"https:\/\/secure.gravatar.com\/avatar\/5cabed6cb91f459134c236f16d771698331572b0acc9c1cbca9aeffb2221ceb5?s=96&d=mm&r=g","caption":"Senegal Sante Mobile"},"sameAs":["https:\/\/senegalsantemobile.org"],"url":"https:\/\/senegalsantemobile.org\/fr\/author\/administrateur\/"}]}},"_links":{"self":[{"href":"https:\/\/senegalsantemobile.org\/fr\/wp-json\/wp\/v2\/posts\/8639","targetHints":{"allow":["GET"]}}],"collection":[{"href":"https:\/\/senegalsantemobile.org\/fr\/wp-json\/wp\/v2\/posts"}],"about":[{"href":"https:\/\/senegalsantemobile.org\/fr\/wp-json\/wp\/v2\/types\/post"}],"author":[{"embeddable":true,"href":"https:\/\/senegalsantemobile.org\/fr\/wp-json\/wp\/v2\/users\/1"}],"replies":[{"embeddable":true,"href":"https:\/\/senegalsantemobile.org\/fr\/wp-json\/wp\/v2\/comments?post=8639"}],"version-history":[{"count":1,"href":"https:\/\/senegalsantemobile.org\/fr\/wp-json\/wp\/v2\/posts\/8639\/revisions"}],"predecessor-version":[{"id":8644,"href":"https:\/\/senegalsantemobile.org\/fr\/wp-json\/wp\/v2\/posts\/8639\/revisions\/8644"}],"wp:featuredmedia":[{"embeddable":true,"href":"https:\/\/senegalsantemobile.org\/fr\/wp-json\/wp\/v2\/media\/8642"}],"wp:attachment":[{"href":"https:\/\/senegalsantemobile.org\/fr\/wp-json\/wp\/v2\/media?parent=8639"}],"wp:term":[{"taxonomy":"category","embeddable":true,"href":"https:\/\/senegalsantemobile.org\/fr\/wp-json\/wp\/v2\/categories?post=8639"},{"taxonomy":"post_tag","embeddable":true,"href":"https:\/\/senegalsantemobile.org\/fr\/wp-json\/wp\/v2\/tags?post=8639"}],"curies":[{"name":"wp","href":"https:\/\/api.w.org\/{rel}","templated":true}]}}